{"id":789,"date":"2012-11-29T09:05:10","date_gmt":"2012-11-29T08:05:10","guid":{"rendered":"http:\/\/kirche-ostenfeld.de\/wordpress\/?p=789"},"modified":"2014-09-29T14:42:24","modified_gmt":"2014-09-29T13:42:24","slug":"basar","status":"publish","type":"post","link":"https:\/\/kirche-ostenfeld.de\/wordpress\/archives\/789","title":{"rendered":"Basar am Ersten Advent beim Weihnachtsmarkt"},"content":{"rendered":"<p style=\"text-align: right;\"><span style=\"color: #000000;\"><a href=\"https:\/\/kirche-ostenfeld.de\/wordpress\/wp-content\/uploads\/2012\/11\/Basar_07.jpg\"><img loading=\"lazy\" decoding=\"async\" class=\"size-medium wp-image-797 alignright\" title=\"Basar_07\" src=\"https:\/\/kirche-ostenfeld.de\/wordpress\/wp-content\/uploads\/2012\/11\/Basar_07-300x199.jpg\" alt=\"\" width=\"252\" height=\"166\" srcset=\"https:\/\/kirche-ostenfeld.de\/wordpress\/wp-content\/uploads\/2012\/11\/Basar_07-300x199.jpg 300w, https:\/\/kirche-ostenfeld.de\/wordpress\/wp-content\/uploads\/2012\/11\/Basar_07.jpg 1024w\" sizes=\"auto, (max-width: 252px) 100vw, 252px\" \/><\/a>Am 1. Advent (2. Dezember) ist es endlich soweit \u2013 im Rahmen des Ostenfelder Weihnachtsmarktes \u00f6ffnet auch der Basar der Kirchengemeinde seine T\u00fcren \u2013 ab 14.30 Uhr im Gemeindesaal!<\/span><\/p>\n<p><span style=\"color: #000000;\"><!--more-->Ein reiches Angebot wundersch\u00f6ner Handarbeiten ist in den letzten Monaten entstanden: Beim gemeinschaftlichen Basteln und Werkeln oder an langen Abenden Zuhause \u2013 das Vorbereitungsteam hat nicht geruht! Gesticktes und Geh\u00e4keltes, Gestricktes und Gen\u00e4htes erwartet die Besucher, wer Weihnachtsgeschenke f\u00fcr seine Lieben sucht, wird hier f\u00fcndig \u2013 wenn man die sch\u00f6nsten St\u00fccke nicht am liebsten gleich selbst behalten m\u00f6chte \u2026!<\/span><\/p>\n<p><span style=\"color: #000000;\"><a href=\"https:\/\/kirche-ostenfeld.de\/wordpress\/wp-content\/uploads\/2012\/11\/Basar_03.jpg\"><img loading=\"lazy\" decoding=\"async\" class=\"alignleft size-medium wp-image-794\" title=\"Basar_03\" src=\"https:\/\/kirche-ostenfeld.de\/wordpress\/wp-content\/uploads\/2012\/11\/Basar_03-300x200.jpg\" alt=\"\" width=\"251\" height=\"168\" srcset=\"https:\/\/kirche-ostenfeld.de\/wordpress\/wp-content\/uploads\/2012\/11\/Basar_03-300x200.jpg 300w, https:\/\/kirche-ostenfeld.de\/wordpress\/wp-content\/uploads\/2012\/11\/Basar_03.jpg 1024w\" sizes=\"auto, (max-width: 251px) 100vw, 251px\" \/><\/a>Lassen Sie sich von der gem\u00fctlichen Atmosph\u00e4re verlocken, verweilen Sie bei einem Becher Apfelpunsch, genie\u00dfen Sie das Angebot und st\u00f6bern Sie beim B\u00fccherflohmarkt!<\/span><\/p>\n","protected":false},"excerpt":{"rendered":"<p>Am 1. Advent (2. Dezember) ist es endlich soweit \u2013 im Rahmen des Ostenfelder Weihnachtsmarktes \u00f6ffnet auch der Basar der Kirchengemeinde seine T\u00fcren \u2013 ab 14.30 Uhr im Gemeindesaal!<\/p>\n","protected":false},"author":2,"featured_media":0,"comment_status":"closed","ping_status":"closed","sticky":false,"template":"","format":"standard","meta":{"footnotes":""},"categories":[1],"tags":[12,27],"class_list":["post-789","post","type-post","status-publish","format-standard","hentry","category-allgemein","tag-angebote","tag-ehrenamt"],"_links":{"self":[{"href":"https:\/\/kirche-ostenfeld.de\/wordpress\/wp-json\/wp\/v2\/posts\/789","targetHints":{"allow":["GET"]}}],"collection":[{"href":"https:\/\/kirche-ostenfeld.de\/wordpress\/wp-json\/wp\/v2\/posts"}],"about":[{"href":"https:\/\/kirche-ostenfeld.de\/wordpress\/wp-json\/wp\/v2\/types\/post"}],"author":[{"embeddable":true,"href":"https:\/\/kirche-ostenfeld.de\/wordpress\/wp-json\/wp\/v2\/users\/2"}],"replies":[{"embeddable":true,"href":"https:\/\/kirche-ostenfeld.de\/wordpress\/wp-json\/wp\/v2\/comments?post=789"}],"version-history":[{"count":8,"href":"https:\/\/kirche-ostenfeld.de\/wordpress\/wp-json\/wp\/v2\/posts\/789\/revisions"}],"predecessor-version":[{"id":800,"href":"https:\/\/kirche-ostenfeld.de\/wordpress\/wp-json\/wp\/v2\/posts\/789\/revisions\/800"}],"wp:attachment":[{"href":"https:\/\/kirche-ostenfeld.de\/wordpress\/wp-json\/wp\/v2\/media?parent=789"}],"wp:term":[{"taxonomy":"category","embeddable":true,"href":"https:\/\/kirche-ostenfeld.de\/wordpress\/wp-json\/wp\/v2\/categories?post=789"},{"taxonomy":"post_tag","embeddable":true,"href":"https:\/\/kirche-ostenfeld.de\/wordpress\/wp-json\/wp\/v2\/tags?post=789"}],"curies":[{"name":"wp","href":"https:\/\/api.w.org\/{rel}","templated":true}]}}