{"id":6378,"date":"2025-04-14T14:44:20","date_gmt":"2025-04-14T13:44:20","guid":{"rendered":"https:\/\/kirche-ostenfeld.de\/wordpress\/?p=6378"},"modified":"2025-04-19T14:48:04","modified_gmt":"2025-04-19T13:48:04","slug":"pastorin-silke-raap-von-pellworm-nach-ostenfeld","status":"publish","type":"post","link":"https:\/\/kirche-ostenfeld.de\/wordpress\/archives\/6378","title":{"rendered":"Pastorin Silke Raap: von Pellworm nach Ostenfeld"},"content":{"rendered":"\n<p>Moin Ostenfeld!<\/p>\n\n\n\n<p>Es ist schon etliche Jahre her, dass ich zuletzt in Ostenfeld einen Gottesdienst vertreten habe. Das wird sich ab Mitte April \u00e4ndern: Neben meiner halben Pfarrstelle in der Kirchengemeinde Schob\u00fcll (wo ich tats\u00e4chlich schon 26 Jahre lang Pastorin bin), bin ich seit Oktober 2023 ebenfalls mit einer halben Stelle f\u00fcr Vertretungsdienste im Kirchenkreis S\u00fcd t\u00e4tig. Bis zum 1. April hei\u00dft das: Ich bin Inselpastorin auf Zeit auf Pellworm. Die Pfarrstelle ist mittlerweile besetzt, so dass ich w\u00e4hrend der Sabbatzeit von Pastor Pehm\u00f6ller nun als Ostenfelder Pastorin auf Zeit f\u00fcr Sie und euch da sein werde. In Gottesdiensten, beim Geburtstagskaffee und bei anderen Gelegenheiten werden wir uns begegnen. Ich freue mich darauf!<\/p>\n\n\n\n<p>Ihre und eure Pastorin Silke Raap<\/p>\n\n\n\n<figure class=\"wp-block-image size-large is-resized\"><a href=\"https:\/\/kirche-ostenfeld.de\/wordpress\/wp-content\/uploads\/2025\/04\/13-Foto-SRaap-scaled.jpg\"><img loading=\"lazy\" decoding=\"async\" width=\"1024\" height=\"931\" src=\"https:\/\/kirche-ostenfeld.de\/wordpress\/wp-content\/uploads\/2025\/04\/13-Foto-SRaap-1024x931.jpg\" alt=\"\" class=\"wp-image-6381\" style=\"width:427px;height:auto\" srcset=\"https:\/\/kirche-ostenfeld.de\/wordpress\/wp-content\/uploads\/2025\/04\/13-Foto-SRaap-1024x931.jpg 1024w, https:\/\/kirche-ostenfeld.de\/wordpress\/wp-content\/uploads\/2025\/04\/13-Foto-SRaap-300x273.jpg 300w, https:\/\/kirche-ostenfeld.de\/wordpress\/wp-content\/uploads\/2025\/04\/13-Foto-SRaap-768x699.jpg 768w, https:\/\/kirche-ostenfeld.de\/wordpress\/wp-content\/uploads\/2025\/04\/13-Foto-SRaap-1536x1397.jpg 1536w, https:\/\/kirche-ostenfeld.de\/wordpress\/wp-content\/uploads\/2025\/04\/13-Foto-SRaap-2048x1863.jpg 2048w\" sizes=\"auto, (max-width: 1024px) 100vw, 1024px\" \/><\/a><\/figure>\n","protected":false},"excerpt":{"rendered":"<p>Moin Ostenfeld! Es ist schon etliche Jahre her, dass ich zuletzt in Ostenfeld einen Gottesdienst vertreten habe. Das wird sich ab Mitte April \u00e4ndern: Neben meiner halben Pfarrstelle in der Kirchengemeinde Schob\u00fcll (wo ich tats\u00e4chlich schon 26 Jahre lang Pastorin &hellip; <a href=\"https:\/\/kirche-ostenfeld.de\/wordpress\/archives\/6378\">Weiterlesen <span class=\"meta-nav\">&rarr;<\/span><\/a><\/p>\n","protected":false},"author":2,"featured_media":0,"comment_status":"closed","ping_status":"closed","sticky":false,"template":"","format":"standard","meta":{"footnotes":""},"categories":[1],"tags":[12],"class_list":["post-6378","post","type-post","status-publish","format-standard","hentry","category-allgemein","tag-angebote"],"_links":{"self":[{"href":"https:\/\/kirche-ostenfeld.de\/wordpress\/wp-json\/wp\/v2\/posts\/6378","targetHints":{"allow":["GET"]}}],"collection":[{"href":"https:\/\/kirche-ostenfeld.de\/wordpress\/wp-json\/wp\/v2\/posts"}],"about":[{"href":"https:\/\/kirche-ostenfeld.de\/wordpress\/wp-json\/wp\/v2\/types\/post"}],"author":[{"embeddable":true,"href":"https:\/\/kirche-ostenfeld.de\/wordpress\/wp-json\/wp\/v2\/users\/2"}],"replies":[{"embeddable":true,"href":"https:\/\/kirche-ostenfeld.de\/wordpress\/wp-json\/wp\/v2\/comments?post=6378"}],"version-history":[{"count":3,"href":"https:\/\/kirche-ostenfeld.de\/wordpress\/wp-json\/wp\/v2\/posts\/6378\/revisions"}],"predecessor-version":[{"id":6383,"href":"https:\/\/kirche-ostenfeld.de\/wordpress\/wp-json\/wp\/v2\/posts\/6378\/revisions\/6383"}],"wp:attachment":[{"href":"https:\/\/kirche-ostenfeld.de\/wordpress\/wp-json\/wp\/v2\/media?parent=6378"}],"wp:term":[{"taxonomy":"category","embeddable":true,"href":"https:\/\/kirche-ostenfeld.de\/wordpress\/wp-json\/wp\/v2\/categories?post=6378"},{"taxonomy":"post_tag","embeddable":true,"href":"https:\/\/kirche-ostenfeld.de\/wordpress\/wp-json\/wp\/v2\/tags?post=6378"}],"curies":[{"name":"wp","href":"https:\/\/api.w.org\/{rel}","templated":true}]}}