{"id":6308,"date":"2025-01-08T14:48:29","date_gmt":"2025-01-08T13:48:29","guid":{"rendered":"https:\/\/kirche-ostenfeld.de\/wordpress\/?p=6308"},"modified":"2025-01-08T14:49:55","modified_gmt":"2025-01-08T13:49:55","slug":"6308","status":"publish","type":"post","link":"https:\/\/kirche-ostenfeld.de\/wordpress\/archives\/6308","title":{"rendered":""},"content":{"rendered":"\n<figure class=\"wp-block-image size-large\"><a href=\"https:\/\/kirche-ostenfeld.de\/wordpress\/wp-content\/uploads\/2025\/01\/20-KKNF_Jahresthema2025_Keyvisual.jpg\"><img loading=\"lazy\" decoding=\"async\" width=\"1024\" height=\"670\" src=\"https:\/\/kirche-ostenfeld.de\/wordpress\/wp-content\/uploads\/2025\/01\/20-KKNF_Jahresthema2025_Keyvisual-1024x670.jpg\" alt=\"\" class=\"wp-image-6309\" srcset=\"https:\/\/kirche-ostenfeld.de\/wordpress\/wp-content\/uploads\/2025\/01\/20-KKNF_Jahresthema2025_Keyvisual-1024x670.jpg 1024w, https:\/\/kirche-ostenfeld.de\/wordpress\/wp-content\/uploads\/2025\/01\/20-KKNF_Jahresthema2025_Keyvisual-300x196.jpg 300w, https:\/\/kirche-ostenfeld.de\/wordpress\/wp-content\/uploads\/2025\/01\/20-KKNF_Jahresthema2025_Keyvisual-768x502.jpg 768w, https:\/\/kirche-ostenfeld.de\/wordpress\/wp-content\/uploads\/2025\/01\/20-KKNF_Jahresthema2025_Keyvisual-1536x1005.jpg 1536w, https:\/\/kirche-ostenfeld.de\/wordpress\/wp-content\/uploads\/2025\/01\/20-KKNF_Jahresthema2025_Keyvisual-2048x1339.jpg 2048w\" sizes=\"auto, (max-width: 1024px) 100vw, 1024px\" \/><\/a><\/figure>\n\n\n\n<h3 class=\"wp-block-heading\"><strong>Jahresthema 2025 des Ev.-Luth. Kirchenkreises Nordfriesland<\/strong><\/h3>\n\n\n\n<p>Die Anforderungen an ein Jahresthema sind gro\u00df: Es soll Stimmungen sowie Entwicklungen erkennen und aufnehmen und den Kirchenkreis und seine kirchlichen Einrichtungen im Umgang damit inspirieren. Deshalb treffen sich jedes Jahr Vertreterinnen und Vertreter aus allen Bereichen mehrere Monate im Voraus und diskutieren, schlagen vor, verwerfen und diskutieren weiter. So war es auch in diesem Jahr. Bis sich ein Satz \u201eheraussch\u00e4lt\u201c. Diesmal war es: \u201eSo wie du bist \u2026 angesehen\u201c, das Jahresthema 2025 des Ev.-Luth. Kirchenkreises Nordfriesland.<\/p>\n\n\n\n<!--more-->\n\n\n\n<figure class=\"wp-block-image size-large\"><a href=\"https:\/\/kirche-ostenfeld.de\/wordpress\/wp-content\/uploads\/2025\/01\/20-Installation-Gespraechsrahmen-scaled.jpg\"><img loading=\"lazy\" decoding=\"async\" width=\"1024\" height=\"768\" src=\"https:\/\/kirche-ostenfeld.de\/wordpress\/wp-content\/uploads\/2025\/01\/20-Installation-Gespraechsrahmen-1024x768.jpg\" alt=\"\" class=\"wp-image-6312\" srcset=\"https:\/\/kirche-ostenfeld.de\/wordpress\/wp-content\/uploads\/2025\/01\/20-Installation-Gespraechsrahmen-1024x768.jpg 1024w, https:\/\/kirche-ostenfeld.de\/wordpress\/wp-content\/uploads\/2025\/01\/20-Installation-Gespraechsrahmen-300x225.jpg 300w, https:\/\/kirche-ostenfeld.de\/wordpress\/wp-content\/uploads\/2025\/01\/20-Installation-Gespraechsrahmen-768x576.jpg 768w, https:\/\/kirche-ostenfeld.de\/wordpress\/wp-content\/uploads\/2025\/01\/20-Installation-Gespraechsrahmen-1536x1152.jpg 1536w, https:\/\/kirche-ostenfeld.de\/wordpress\/wp-content\/uploads\/2025\/01\/20-Installation-Gespraechsrahmen-2048x1536.jpg 2048w\" sizes=\"auto, (max-width: 1024px) 100vw, 1024px\" \/><\/a><\/figure>\n\n\n\n<p>\u201eIn einer Zeit, in der schnell generalisiert, schnell alles \u00fcber einen Kamm geschert wird, ist es wichtig, genau hinzusehen. Um zum Beispiel Vorurteile abzubauen, muss ich den Einzelnen und seine Geschichte ansehen, erst dann erkenne ich den ganzen Menschen\u201c, fasst Pastorin Inke Thomsen-Kr\u00fcger als Mitglied der Arbeitsgruppe die Diskussionen zusammen. Die Kirche habe aufgrund ihres Menschenbildes die besondere Funktion, Menschen anzusehen und ins Blickfeld zu r\u00fccken. Dabei seien sie als Gottes Gesch\u00f6pfe per se angesehen, also geachtet und geliebt. \u201eDass auch diejenigen geliebt sind, deren Ansichten uns nicht gefallen, sorgt f\u00fcr Spannungen. Wie man ihnen begegnen kann, wird eine wichtige Aufgabe bleiben\u201c, so Inke Thomsen-Kr\u00fcger weiter.<\/p>\n\n\n\n<p>Die Arbeitsgemeinschaft Jahresthema erkennt in der Weite des Themas eine Vielfalt an M\u00f6glichkeiten, das Menschsein in den Fokus zu r\u00fccken. In den jeweiligen kirchlichen Arbeitsfeldern k\u00f6nnen unterschiedliche Fragestellungen bearbeitet werden, zum Beispiel Alter, Krankheiten, Beeintr\u00e4chtigungen und Fluchterfahrungen. Zum Beginn des neuen Kirchenjahres wird der Kirchenkreis ein Paket mit Anregungen und Texten schn\u00fcren und zur Verf\u00fcgung stellen. Eine Aktion steht schon fest: Der \u201eGespr\u00e4chsrahmen\u201c. Eine Installation (siehe Foto) aus Bilderrahmen, die \u2013 wie eine H\u00fctte aufgebaut \u2013 Menschen Platz bietet, um sich anzusehen und miteinander zu reden. In einem angemessenen Rahmen nach festen Regeln. Ziel ist es, den \u201eGespr\u00e4chs-rahmen\u201c 2025 durch den Kirchenkreis wandern zu lassen.<\/p>\n","protected":false},"excerpt":{"rendered":"<p>Jahresthema 2025 des Ev.-Luth. Kirchenkreises Nordfriesland Die Anforderungen an ein Jahresthema sind gro\u00df: Es soll Stimmungen sowie Entwicklungen erkennen und aufnehmen und den Kirchenkreis und seine kirchlichen Einrichtungen im Umgang damit inspirieren. Deshalb treffen sich jedes Jahr Vertreterinnen und Vertreter &hellip; <a href=\"https:\/\/kirche-ostenfeld.de\/wordpress\/archives\/6308\">Weiterlesen <span class=\"meta-nav\">&rarr;<\/span><\/a><\/p>\n","protected":false},"author":2,"featured_media":0,"comment_status":"closed","ping_status":"closed","sticky":false,"template":"","format":"standard","meta":{"footnotes":""},"categories":[1],"tags":[26],"class_list":["post-6308","post","type-post","status-publish","format-standard","hentry","category-allgemein","tag-glauben"],"_links":{"self":[{"href":"https:\/\/kirche-ostenfeld.de\/wordpress\/wp-json\/wp\/v2\/posts\/6308","targetHints":{"allow":["GET"]}}],"collection":[{"href":"https:\/\/kirche-ostenfeld.de\/wordpress\/wp-json\/wp\/v2\/posts"}],"about":[{"href":"https:\/\/kirche-ostenfeld.de\/wordpress\/wp-json\/wp\/v2\/types\/post"}],"author":[{"embeddable":true,"href":"https:\/\/kirche-ostenfeld.de\/wordpress\/wp-json\/wp\/v2\/users\/2"}],"replies":[{"embeddable":true,"href":"https:\/\/kirche-ostenfeld.de\/wordpress\/wp-json\/wp\/v2\/comments?post=6308"}],"version-history":[{"count":3,"href":"https:\/\/kirche-ostenfeld.de\/wordpress\/wp-json\/wp\/v2\/posts\/6308\/revisions"}],"predecessor-version":[{"id":6313,"href":"https:\/\/kirche-ostenfeld.de\/wordpress\/wp-json\/wp\/v2\/posts\/6308\/revisions\/6313"}],"wp:attachment":[{"href":"https:\/\/kirche-ostenfeld.de\/wordpress\/wp-json\/wp\/v2\/media?parent=6308"}],"wp:term":[{"taxonomy":"category","embeddable":true,"href":"https:\/\/kirche-ostenfeld.de\/wordpress\/wp-json\/wp\/v2\/categories?post=6308"},{"taxonomy":"post_tag","embeddable":true,"href":"https:\/\/kirche-ostenfeld.de\/wordpress\/wp-json\/wp\/v2\/tags?post=6308"}],"curies":[{"name":"wp","href":"https:\/\/api.w.org\/{rel}","templated":true}]}}