{"id":6145,"date":"2024-08-09T14:02:13","date_gmt":"2024-08-09T13:02:13","guid":{"rendered":"https:\/\/kirche-ostenfeld.de\/wordpress\/?p=6145"},"modified":"2024-08-09T14:02:13","modified_gmt":"2024-08-09T13:02:13","slug":"neues-gesicht-im-kirchenbuero","status":"publish","type":"post","link":"https:\/\/kirche-ostenfeld.de\/wordpress\/archives\/6145","title":{"rendered":"Neues Gesicht im Kirchenb\u00fcro"},"content":{"rendered":"\n<h2 class=\"wp-block-heading\">Sonja Bies stellt sich vor<\/h2>\n\n\n\n<p>Liebe Gemeindeglieder, auf diesem Wege m\u00f6chte ich mich Ihnen als neue Mitarbeiterin im Kirchenb\u00fcro vorstellen: Ich bin Sonja Bies und unterst\u00fctze seit dem 1. Juli Pastor Ralf Pehm\u00f6ller in allen Verwaltungsangelegenheiten und habe damit die Nachfolge von Hella Harring angetreten.<\/p>\n\n\n\n<figure class=\"wp-block-image size-large is-resized\"><a href=\"https:\/\/kirche-ostenfeld.de\/wordpress\/wp-content\/uploads\/2024\/08\/6-Foto-SBies-scaled.jpg\"><img loading=\"lazy\" decoding=\"async\" width=\"1920\" height=\"2560\" src=\"https:\/\/kirche-ostenfeld.de\/wordpress\/wp-content\/uploads\/2024\/08\/6-Foto-SBies-edited-1-scaled.jpg\" alt=\"\" class=\"wp-image-6148\" style=\"width:263px;height:auto\" srcset=\"https:\/\/kirche-ostenfeld.de\/wordpress\/wp-content\/uploads\/2024\/08\/6-Foto-SBies-edited-1-scaled.jpg 1920w, https:\/\/kirche-ostenfeld.de\/wordpress\/wp-content\/uploads\/2024\/08\/6-Foto-SBies-edited-1-225x300.jpg 225w, https:\/\/kirche-ostenfeld.de\/wordpress\/wp-content\/uploads\/2024\/08\/6-Foto-SBies-edited-1-768x1024.jpg 768w, https:\/\/kirche-ostenfeld.de\/wordpress\/wp-content\/uploads\/2024\/08\/6-Foto-SBies-edited-1-1152x1536.jpg 1152w, https:\/\/kirche-ostenfeld.de\/wordpress\/wp-content\/uploads\/2024\/08\/6-Foto-SBies-edited-1-1536x2048.jpg 1536w\" sizes=\"auto, (max-width: 1920px) 100vw, 1920px\" \/><\/a><\/figure>\n\n\n\n<!--more-->\n\n\n\n<p>F\u00fcr mich ist die neue Aufgabe eine weitere zu einer bereits bestehenden \u2013 denn seit fast zehn Jahren arbeite ich bei der Tischlerei Arriens in Drelsdorf, ebenfalls im B\u00fcro. Dadurch konnte ich bei meiner Einarbeitung viele Parallelen zu dieser Arbeit feststellen. Ich hoffe, dass ich schnell mit allen Abl\u00e4ufen vertraut sein werde.<\/p>\n\n\n\n<p>Da ich seit \u00fcber 20 Jahren in Ostenfeld lebe und ehrenamtlich an den Wochenenden das Sporthallencaf\u00e9 unterst\u00fctze, bin ich vielleicht ja auch kein ganz so neues Gesicht &#8211; und mit Sicherheit ist mein Nachname ein Begriff \u2013 zumindest in Ostenfeld.<\/p>\n\n\n\n<p>1973 erblickte ich als Sonja Schwerdt das Licht der Welt und bin in Simonsberg auf einem Bauernhof aufgewachsen. Meine beiden Kinder Finn-Luca (20 Jahre) und Louisa (18 Jahre) sind mittlerweile vollj\u00e4hrig und verlangen nicht mehr so viel Aufmerksamkeit, so dass sich die neue T\u00e4tigkeit sehr gut mit anderen Verpflichtungen vereinbaren l\u00e4sst.<\/p>\n\n\n\n<p>In meiner Freizeit bin ich viel unterwegs, treffe mich mit Freunden und treibe sehr gerne Sport.<\/p>\n\n\n\n<p>Ich freue mich sehr auf ein tolles Miteinander!<\/p>\n\n\n\n<p>Herzliche Gr\u00fc\u00dfe<br>Sonja Bies<\/p>\n","protected":false},"excerpt":{"rendered":"<p>Sonja Bies stellt sich vor Liebe Gemeindeglieder, auf diesem Wege m\u00f6chte ich mich Ihnen als neue Mitarbeiterin im Kirchenb\u00fcro vorstellen: Ich bin Sonja Bies und unterst\u00fctze seit dem 1. Juli Pastor Ralf Pehm\u00f6ller in allen Verwaltungsangelegenheiten und habe damit die &hellip; <a href=\"https:\/\/kirche-ostenfeld.de\/wordpress\/archives\/6145\">Weiterlesen <span class=\"meta-nav\">&rarr;<\/span><\/a><\/p>\n","protected":false},"author":2,"featured_media":0,"comment_status":"closed","ping_status":"closed","sticky":false,"template":"","format":"standard","meta":{"footnotes":""},"categories":[1],"tags":[],"class_list":["post-6145","post","type-post","status-publish","format-standard","hentry","category-allgemein"],"_links":{"self":[{"href":"https:\/\/kirche-ostenfeld.de\/wordpress\/wp-json\/wp\/v2\/posts\/6145","targetHints":{"allow":["GET"]}}],"collection":[{"href":"https:\/\/kirche-ostenfeld.de\/wordpress\/wp-json\/wp\/v2\/posts"}],"about":[{"href":"https:\/\/kirche-ostenfeld.de\/wordpress\/wp-json\/wp\/v2\/types\/post"}],"author":[{"embeddable":true,"href":"https:\/\/kirche-ostenfeld.de\/wordpress\/wp-json\/wp\/v2\/users\/2"}],"replies":[{"embeddable":true,"href":"https:\/\/kirche-ostenfeld.de\/wordpress\/wp-json\/wp\/v2\/comments?post=6145"}],"version-history":[{"count":1,"href":"https:\/\/kirche-ostenfeld.de\/wordpress\/wp-json\/wp\/v2\/posts\/6145\/revisions"}],"predecessor-version":[{"id":6149,"href":"https:\/\/kirche-ostenfeld.de\/wordpress\/wp-json\/wp\/v2\/posts\/6145\/revisions\/6149"}],"wp:attachment":[{"href":"https:\/\/kirche-ostenfeld.de\/wordpress\/wp-json\/wp\/v2\/media?parent=6145"}],"wp:term":[{"taxonomy":"category","embeddable":true,"href":"https:\/\/kirche-ostenfeld.de\/wordpress\/wp-json\/wp\/v2\/categories?post=6145"},{"taxonomy":"post_tag","embeddable":true,"href":"https:\/\/kirche-ostenfeld.de\/wordpress\/wp-json\/wp\/v2\/tags?post=6145"}],"curies":[{"name":"wp","href":"https:\/\/api.w.org\/{rel}","templated":true}]}}