{"id":5918,"date":"2023-10-08T20:27:27","date_gmt":"2023-10-08T19:27:27","guid":{"rendered":"https:\/\/kirche-ostenfeld.de\/wordpress\/?p=5918"},"modified":"2023-10-08T20:36:45","modified_gmt":"2023-10-08T19:36:45","slug":"die-freiheit-zur-liebe","status":"publish","type":"post","link":"https:\/\/kirche-ostenfeld.de\/wordpress\/archives\/5918","title":{"rendered":"Die Freiheit zur Liebe"},"content":{"rendered":"\n<p class=\"has-text-align-left\"><\/p>\n\n\n\n<div class=\"wp-block-media-text is-stacked-on-mobile\" style=\"grid-template-columns:35% auto\"><figure class=\"wp-block-media-text__media\"><img loading=\"lazy\" decoding=\"async\" width=\"811\" height=\"1024\" src=\"https:\/\/kirche-ostenfeld.de\/wordpress\/wp-content\/uploads\/2023\/03\/Pehmoeller-4-811x1024.jpg\" alt=\"\" class=\"wp-image-5720 size-full\" srcset=\"https:\/\/kirche-ostenfeld.de\/wordpress\/wp-content\/uploads\/2023\/03\/Pehmoeller-4-811x1024.jpg 811w, https:\/\/kirche-ostenfeld.de\/wordpress\/wp-content\/uploads\/2023\/03\/Pehmoeller-4-237x300.jpg 237w, https:\/\/kirche-ostenfeld.de\/wordpress\/wp-content\/uploads\/2023\/03\/Pehmoeller-4-768x970.jpg 768w, https:\/\/kirche-ostenfeld.de\/wordpress\/wp-content\/uploads\/2023\/03\/Pehmoeller-4-1216x1536.jpg 1216w, https:\/\/kirche-ostenfeld.de\/wordpress\/wp-content\/uploads\/2023\/03\/Pehmoeller-4.jpg 1249w\" sizes=\"auto, (max-width: 811px) 100vw, 811px\" \/><\/figure><div class=\"wp-block-media-text__content\">\n<p>Wissen Sie, was wir am 31. Oktober feiern? Die J\u00fcngeren w\u00fcrden jetzt wohl antworten: \u201eJa klar: Halloween!\u201c Tja, w\u00fcrde ich als Pastor zur\u00fcckmelden, da ist augenscheinlich etwas aus dem anglo-amerikanischen Bereich zu uns r\u00fcbergeschwappt, was bei uns gar keine Verwurzelung hat. Oder k\u00f6nnen Sie etwas mit dem \u201eAll Hollows\u2018 Eve\u201c anfangen? Das n\u00e4mlich ist \u201eHalloween\u201c.<\/p>\n\n\n\n<p><\/p>\n<\/div><\/div>\n\n\n\n<!--more-->\n\n\n\n<p>Nein, am 31. Oktober feiern wir das Reformationsfest. Immerhin ist der Reformationstag seit 2020 in Schleswig-Holstein nicht nur ein kirchlicher, sondern auch ein staatlicher Feiertag \u2013 und damit f\u00fcr alle arbeitsfrei.<\/p>\n\n\n\n<p>Am Reformationstag erinnern wir uns an Martin Luther, an seine reformatorische Erkenntnis, die er in den ber\u00fchmten 95 Thesen zusammengefasst hat und am Vorabend des katholischen Festes Allerheiligen \u2013 eben an All hollows\u2018 Eve \u2013 an die T\u00fcr der Schlosskirche zu Wittenberg genagelt haben soll.<\/p>\n\n\n\n<p>Luthers \u201ePforte zum Paradies\u201c hatte er durch das Lesen der Briefe des Apostels Paulus gefunden und dabei S\u00e4tze entdeckt wie: \u201eDer Gerechte wird aus Glauben leben\u201c (R\u00f6mer 1,17) und \u201eZur Freiheit hat uns Christus befreit\u201c (Galater 5,1).<\/p>\n\n\n\n<p>Diesen letzten Satz schreibt Paulus an kleine christliche Gemeinden in der Landschaft Galatien in der heutigen T\u00fcrkei. Zur Freiheit hat uns Christus befreit, das ist sozusagen das Programm des Paulus. Er anerkennt einerseits, dass Menschen unterschiedlicher Herkunft auch in verschiedenen Zw\u00e4ngen leben. Aber dann geht er dar\u00fcber hinaus und behauptet eine Freiheit, die gr\u00f6\u00dfer ist als unser Herkommen und unsere Zw\u00e4nge. Paulus selber glaubt das. Er kennt seine Zw\u00e4nge: seine j\u00fcdische Herkunft, die Krankheiten seines K\u00f6rpers; dennoch geht er dar\u00fcber hinaus und sagt: Christus macht mich frei. Er schenkt mir kein anderes oder besseres Leben, er schenkt mir aber in meinem Leben eine innere Freiheit.<\/p>\n\n\n\n<p>Luther hat diese Freiheit, die Gott uns zuspricht, gesucht und in den S\u00e4tzen des Paulus gefunden \u2013 S\u00e4tze, die die Zeit \u00fcberdauern, S\u00e4tze, die nicht vergehen. Davon spricht auch ein Gedanke des Schriftstellers Elias Canetti. Er ist in einer j\u00fcdischen Familie im heutigen Bulgarien geboren, aber durch die Kriege im 20. Jahrhundert in Wien, London und Z\u00fcrich aufgewachsen, wo er dann auch sp\u00e4ter lebte. Seine liebste Sprache war und blieb Deutsch. 1981 erhielt er den Literaturnobelpreis. In seinen Aufzeichnungen steht der Satz: \u201eEs kann jeder Satz seine Wirkung tun, auch der vergessenste, auch in tausend Jahren.\u201c \u2013 Ich denke, dass Canetti recht hat und er mit diesem Gedanken auch die Verk\u00fcndigung des Evangeliums ber\u00fchrt. Es mag sein, dass vieles an der Botschaft der Kirche vergessen wird oder untergeht; ihre Wirkung aber kann kommen oder wiederkommen, auch noch in vielen Jahren.<\/p>\n\n\n\n<p>Unsere Kirche lebt nicht, weil sie diese oder jene Gestalt hat, weil sie Dome oder Gemeindeh\u00e4user oder Diakoniestationen hat. Das alles ist wichtig und hilfreich, aber zuletzt keine Hilfe zum \u00dcberleben der Kirchen. Unsere Kirche lebt, weil sie eine einzigartige Botschaft hat. Man kann sie vergessen, man kann aber ihre Wirkung nie v\u00f6llig unterdr\u00fccken. Ein Satz dieser einzigartigen Botschaft ist von Paulus: Zur Freiheit hat uns Christus befreit.<\/p>\n\n\n\n<p>Glaubende Menschen ahnen oder wissen, dass sie \u2013 bei allen ihren Zw\u00e4ngen oder Verhinderungen oder Bequemlichkeiten \u2013 die eine gro\u00dfe Freiheit haben, und zwar immer wieder haben und haben werden: die Freiheit zu lieben. Die Kirchen in der Welt leben von ihren Liebenden; also von den Menschen, die Gottes Botschaft ernst nehmen und seinen Willen zur Liebe erf\u00fcllen. Und das gerne und mit ganzem Herzen. Jede Liebe ist eine Erneuerung der Welt.<\/p>\n\n\n\n<p>Daran wollen wir uns immer wieder erinnern \u2013 erst recht am Reformationstag.<\/p>\n\n\n\n<p>Ihr Ralf Pehm\u00f6ller, Pastor<\/p>\n","protected":false},"excerpt":{"rendered":"<p>Wissen Sie, was wir am 31. Oktober feiern? Die J\u00fcngeren w\u00fcrden jetzt wohl antworten: \u201eJa klar: Halloween!\u201c Tja, w\u00fcrde ich als Pastor zur\u00fcckmelden, da ist augenscheinlich etwas aus dem anglo-amerikanischen Bereich zu uns r\u00fcbergeschwappt, was bei uns gar keine Verwurzelung &hellip; <a href=\"https:\/\/kirche-ostenfeld.de\/wordpress\/archives\/5918\">Weiterlesen <span class=\"meta-nav\">&rarr;<\/span><\/a><\/p>\n","protected":false},"author":2,"featured_media":0,"comment_status":"closed","ping_status":"closed","sticky":false,"template":"","format":"standard","meta":{"footnotes":""},"categories":[1],"tags":[26,11],"class_list":["post-5918","post","type-post","status-publish","format-standard","hentry","category-allgemein","tag-glauben","tag-kirche"],"_links":{"self":[{"href":"https:\/\/kirche-ostenfeld.de\/wordpress\/wp-json\/wp\/v2\/posts\/5918","targetHints":{"allow":["GET"]}}],"collection":[{"href":"https:\/\/kirche-ostenfeld.de\/wordpress\/wp-json\/wp\/v2\/posts"}],"about":[{"href":"https:\/\/kirche-ostenfeld.de\/wordpress\/wp-json\/wp\/v2\/types\/post"}],"author":[{"embeddable":true,"href":"https:\/\/kirche-ostenfeld.de\/wordpress\/wp-json\/wp\/v2\/users\/2"}],"replies":[{"embeddable":true,"href":"https:\/\/kirche-ostenfeld.de\/wordpress\/wp-json\/wp\/v2\/comments?post=5918"}],"version-history":[{"count":4,"href":"https:\/\/kirche-ostenfeld.de\/wordpress\/wp-json\/wp\/v2\/posts\/5918\/revisions"}],"predecessor-version":[{"id":5925,"href":"https:\/\/kirche-ostenfeld.de\/wordpress\/wp-json\/wp\/v2\/posts\/5918\/revisions\/5925"}],"wp:attachment":[{"href":"https:\/\/kirche-ostenfeld.de\/wordpress\/wp-json\/wp\/v2\/media?parent=5918"}],"wp:term":[{"taxonomy":"category","embeddable":true,"href":"https:\/\/kirche-ostenfeld.de\/wordpress\/wp-json\/wp\/v2\/categories?post=5918"},{"taxonomy":"post_tag","embeddable":true,"href":"https:\/\/kirche-ostenfeld.de\/wordpress\/wp-json\/wp\/v2\/tags?post=5918"}],"curies":[{"name":"wp","href":"https:\/\/api.w.org\/{rel}","templated":true}]}}