{"id":583,"date":"2012-06-21T14:21:18","date_gmt":"2012-06-21T13:21:18","guid":{"rendered":"http:\/\/kirche-ostenfeld.de\/wordpress\/?p=583"},"modified":"2012-06-21T14:22:48","modified_gmt":"2012-06-21T13:22:48","slug":"demenz","status":"publish","type":"post","link":"https:\/\/kirche-ostenfeld.de\/wordpress\/archives\/583","title":{"rendered":"Demenz"},"content":{"rendered":"<h5><a href=\"https:\/\/kirche-ostenfeld.de\/wordpress\/wp-content\/uploads\/2012\/06\/Diakonie-Demenz.jpg\"><img loading=\"lazy\" decoding=\"async\" class=\"alignleft size-full wp-image-585\" title=\"Diakonie Demenz\" src=\"https:\/\/kirche-ostenfeld.de\/wordpress\/wp-content\/uploads\/2012\/06\/Diakonie-Demenz.jpg\" alt=\"\" width=\"250\" height=\"188\" srcset=\"https:\/\/kirche-ostenfeld.de\/wordpress\/wp-content\/uploads\/2012\/06\/Diakonie-Demenz.jpg 696w, https:\/\/kirche-ostenfeld.de\/wordpress\/wp-content\/uploads\/2012\/06\/Diakonie-Demenz-300x225.jpg 300w\" sizes=\"auto, (max-width: 250px) 100vw, 250px\" \/><\/a>Vier Mitarbeiterinnen der Diakoniestation Ostenfeld \/ Schwabstedt haben die Fortbildung \u201eUmgang mit Demenzkranken\u201c absolviert: Neben Beruf und Familie ein halbes Jahr lang jeden Freitag, dazu ein Praktikum von 60 Stunden \u2012 da kommt einiges an neuem Wissen zusammen! <!--more-->\u201eBisher haben wir uns auf unseren gesunden Menschenverstand verlassen. Jetzt verstehen wir besser, warum ein dementer Mensch so oder so reagiert.\u201c Und: \u201eWir sind noch gelassener und geduldiger geworden als wir es ohnehin schon sind.\u201c Ein Vorteil ist, dass die Mitarbeiterinnen der Diakoniestation von hier sind: \u201eWir kennen das Umfeld, das Leben in unseren D\u00f6rfern. Es ist so wichtig, die Biografie der Betroffenen zu kennen!\u201c<br \/>\nDie fachkundige Betreuung ist eine gro\u00dfe Entlastung f\u00fcr die betroffenen Familien: Die werden gleich ein St\u00fcck weit mitbetreut.<\/h5>\n<h5>Von der Fortbildung waren die Mitarbeiterinnen begeistert. \u201eDas war eine tolle Schulung!\u201c \u00dcbrigens: Sie m\u00fcssen jedes Jahr zu einer zweit\u00e4gigen Nachschulung, damit das Wissen \u00fcber Demenz frisch bleibt: \u201eFr\u00fcher waren die Leute t\u00fcdelig. Heute hat man einen Begriff daf\u00fcr.\u201c<br \/>\nEs gibt verschiedene Formen der Demenz, und keineswegs ereilt es nur alte Leute. Doch viele Familien scheuen sich, Hilfe in Anspruch zu nehmen: Erst will man es nicht wahr haben, auch sollen die Nachbarn nichts merken&#8230;<br \/>\nGegenw\u00e4rtig werden von der Diakoniestation zehn demente Menschen betreut, Tendenz steigend. Mit den vier fortgebildeten Mitarbeiterinnen kann die Diakonie auf Anfragen ganz flexibel reagieren.<\/h5>\n<h5><em>Wenn Sie Fragen zu Demenz haben oder konkreten Betreuungsbedarf, wenden Sie sich an unsere Diakoniestation: Telefon 04845 \/ 1061. <\/em><\/h5>\n<h5><em>Foto: Maren Kr\u00f6ger, Susanne Grohnert-Meyer, Andrea Carstens und Birgit Sch\u00fctze<\/em><\/h5>\n","protected":false},"excerpt":{"rendered":"<p>Vier Mitarbeiterinnen der Diakoniestation Ostenfeld \/ Schwabstedt haben die Fortbildung \u201eUmgang mit Demenzkranken\u201c absolviert: Neben Beruf und Familie ein halbes Jahr lang jeden Freitag, dazu ein Praktikum von 60 Stunden \u2012 da kommt einiges an neuem Wissen zusammen!<\/p>\n","protected":false},"author":2,"featured_media":0,"comment_status":"closed","ping_status":"closed","sticky":false,"template":"","format":"standard","meta":{"footnotes":""},"categories":[1],"tags":[12,24],"class_list":["post-583","post","type-post","status-publish","format-standard","hentry","category-allgemein","tag-angebote","tag-diakonie"],"_links":{"self":[{"href":"https:\/\/kirche-ostenfeld.de\/wordpress\/wp-json\/wp\/v2\/posts\/583","targetHints":{"allow":["GET"]}}],"collection":[{"href":"https:\/\/kirche-ostenfeld.de\/wordpress\/wp-json\/wp\/v2\/posts"}],"about":[{"href":"https:\/\/kirche-ostenfeld.de\/wordpress\/wp-json\/wp\/v2\/types\/post"}],"author":[{"embeddable":true,"href":"https:\/\/kirche-ostenfeld.de\/wordpress\/wp-json\/wp\/v2\/users\/2"}],"replies":[{"embeddable":true,"href":"https:\/\/kirche-ostenfeld.de\/wordpress\/wp-json\/wp\/v2\/comments?post=583"}],"version-history":[{"count":5,"href":"https:\/\/kirche-ostenfeld.de\/wordpress\/wp-json\/wp\/v2\/posts\/583\/revisions"}],"predecessor-version":[{"id":599,"href":"https:\/\/kirche-ostenfeld.de\/wordpress\/wp-json\/wp\/v2\/posts\/583\/revisions\/599"}],"wp:attachment":[{"href":"https:\/\/kirche-ostenfeld.de\/wordpress\/wp-json\/wp\/v2\/media?parent=583"}],"wp:term":[{"taxonomy":"category","embeddable":true,"href":"https:\/\/kirche-ostenfeld.de\/wordpress\/wp-json\/wp\/v2\/categories?post=583"},{"taxonomy":"post_tag","embeddable":true,"href":"https:\/\/kirche-ostenfeld.de\/wordpress\/wp-json\/wp\/v2\/tags?post=583"}],"curies":[{"name":"wp","href":"https:\/\/api.w.org\/{rel}","templated":true}]}}