{"id":5753,"date":"2023-06-06T17:04:00","date_gmt":"2023-06-06T16:04:00","guid":{"rendered":"https:\/\/kirche-ostenfeld.de\/wordpress\/?p=5753"},"modified":"2023-06-26T22:41:07","modified_gmt":"2023-06-26T21:41:07","slug":"tauffest-2023","status":"publish","type":"post","link":"https:\/\/kirche-ostenfeld.de\/wordpress\/archives\/5753","title":{"rendered":"Tauffest 2023"},"content":{"rendered":"\n<div class=\"wp-block-columns is-layout-flex wp-container-core-columns-is-layout-9d6595d7 wp-block-columns-is-layout-flex\">\n<div class=\"wp-block-column is-layout-flow wp-block-column-is-layout-flow\">\n<p><strong>VIELE GR\u00dcNDE.<br>EIN SEGEN.<br>DEINE TAUFE<\/strong><\/p>\n<\/div>\n\n\n\n<div class=\"wp-block-column is-layout-flow wp-block-column-is-layout-flow\">\n<figure class=\"wp-block-image size-full is-resized\"><a href=\"https:\/\/kirche-ostenfeld.de\/wordpress\/wp-content\/uploads\/2023\/03\/Logo_Taufe_VGES_RGB_color_1875x1056_rdax_720x406_70.jpg\"><img loading=\"lazy\" decoding=\"async\" src=\"https:\/\/kirche-ostenfeld.de\/wordpress\/wp-content\/uploads\/2023\/03\/Logo_Taufe_VGES_RGB_color_1875x1056_rdax_720x406_70.jpg\" alt=\"\" class=\"wp-image-5757\" width=\"252\" height=\"142\" srcset=\"https:\/\/kirche-ostenfeld.de\/wordpress\/wp-content\/uploads\/2023\/03\/Logo_Taufe_VGES_RGB_color_1875x1056_rdax_720x406_70.jpg 720w, https:\/\/kirche-ostenfeld.de\/wordpress\/wp-content\/uploads\/2023\/03\/Logo_Taufe_VGES_RGB_color_1875x1056_rdax_720x406_70-300x169.jpg 300w\" sizes=\"auto, (max-width: 252px) 100vw, 252px\" \/><\/a><\/figure>\n<\/div>\n<\/div>\n\n\n\n<p>Taufe ist etwas Wundervolles. Einmalig. Kostbar. Ein Plus-Zeichen vor unserem Leben. Gottes gro\u00dfes Ja zu uns. Darum die evangelischen Kirchengemeinden rund um den Johannistag (24. Juni 2023) bundesweit dazu ein, gemeinsam die Taufe zu feiern.<\/p>\n\n\n\n<p>Bei uns in der Kirchengemeinde findet aus diesem Anlass am<\/p>\n\n\n\n<p class=\"has-text-align-center\"><strong>Sonntag, dem 25. Juni 2023, ab 10.00 Uhr<\/strong><br>ein gro\u00dfes<br><strong>TAUFFEST<br>auf dem Gel\u00e4nde der Ev. Kindertagesst\u00e4tte, Schwarzer Weg 12, Ostenfeld<\/strong><\/p>\n\n\n\n<p>statt.<\/p>\n\n\n\n<!--more-->\n\n\n\n<p>Eingeladen sind alle Familien, die ihre Kinder in einem lebendigen OpenAir-Gottesdienst in einem etwas anderen Format taufen lassen wollen. Eingeladen zur Tauferinnerung werden zudem alle Kinder, die vor sechs Jahren \u2013 im Jahr 2017 \u2013 in unserer Kirchengemeinde getauft worden sind.<\/p>\n\n\n\n<p><strong>Wer Interesse hat, sein \/ ihr Kind in diesem besonderen Rahmen taufen zu lassen, melde sich bitte im Kirchenb\u00fcro unter Tel. 348 an. Dort gibt es auch weitere Informationen.<\/strong><\/p>\n\n\n\n<p>Auch die anderen Kirchengemeinden in&nbsp;unserer Kirchenregion bieten besondere Gottesdienste an, zu denen auch die Tauffamilien der jeweils anderen Gemeinden willkommen sind.<br>Folgende weitere Termine stehen zur Auswahl:<br><strong>18.05., 11:00 Uhr (Himmelfahrt):<\/strong>&nbsp;Kgm. Friedrichstadt: Treenetaufe auf&nbsp;dem Grachtenboot (Tel.:&nbsp;04881\/937377)<br><strong>11.06., 10:00 Uhr <\/strong>Kgm. Mildstedt: Taufen in der Baumkirche in Rantrum (Tel.: 04841\/873310)<br><strong>02.07.,&nbsp;11:00 Uhr<\/strong>&nbsp;Kgm. Schwabstedt: Treenetaufe (Tel.: 04884\/201)<br><strong>30.07., 10:oo Uhr<\/strong> Kgm. Mildstedt: Taufen im Pastoratsgarten (Tel.: 04841\/873310)<br>F\u00fcr diese Termine melden Sie sich bitte direkt in den betreffenden Kirchengemeinden!<\/p>\n\n\n\n<p><\/p>\n\n\n\n<p><\/p>\n","protected":false},"excerpt":{"rendered":"<p>VIELE GR\u00dcNDE.EIN SEGEN.DEINE TAUFE Taufe ist etwas Wundervolles. Einmalig. Kostbar. Ein Plus-Zeichen vor unserem Leben. Gottes gro\u00dfes Ja zu uns. Darum die evangelischen Kirchengemeinden rund um den Johannistag (24. Juni 2023) bundesweit dazu ein, gemeinsam die Taufe zu feiern. Bei &hellip; <a href=\"https:\/\/kirche-ostenfeld.de\/wordpress\/archives\/5753\">Weiterlesen <span class=\"meta-nav\">&rarr;<\/span><\/a><\/p>\n","protected":false},"author":3,"featured_media":0,"comment_status":"closed","ping_status":"closed","sticky":false,"template":"","format":"standard","meta":{"footnotes":""},"categories":[1],"tags":[20,26,3],"class_list":["post-5753","post","type-post","status-publish","format-standard","hentry","category-allgemein","tag-draussen","tag-glauben","tag-kinder"],"_links":{"self":[{"href":"https:\/\/kirche-ostenfeld.de\/wordpress\/wp-json\/wp\/v2\/posts\/5753","targetHints":{"allow":["GET"]}}],"collection":[{"href":"https:\/\/kirche-ostenfeld.de\/wordpress\/wp-json\/wp\/v2\/posts"}],"about":[{"href":"https:\/\/kirche-ostenfeld.de\/wordpress\/wp-json\/wp\/v2\/types\/post"}],"author":[{"embeddable":true,"href":"https:\/\/kirche-ostenfeld.de\/wordpress\/wp-json\/wp\/v2\/users\/3"}],"replies":[{"embeddable":true,"href":"https:\/\/kirche-ostenfeld.de\/wordpress\/wp-json\/wp\/v2\/comments?post=5753"}],"version-history":[{"count":5,"href":"https:\/\/kirche-ostenfeld.de\/wordpress\/wp-json\/wp\/v2\/posts\/5753\/revisions"}],"predecessor-version":[{"id":5759,"href":"https:\/\/kirche-ostenfeld.de\/wordpress\/wp-json\/wp\/v2\/posts\/5753\/revisions\/5759"}],"wp:attachment":[{"href":"https:\/\/kirche-ostenfeld.de\/wordpress\/wp-json\/wp\/v2\/media?parent=5753"}],"wp:term":[{"taxonomy":"category","embeddable":true,"href":"https:\/\/kirche-ostenfeld.de\/wordpress\/wp-json\/wp\/v2\/categories?post=5753"},{"taxonomy":"post_tag","embeddable":true,"href":"https:\/\/kirche-ostenfeld.de\/wordpress\/wp-json\/wp\/v2\/tags?post=5753"}],"curies":[{"name":"wp","href":"https:\/\/api.w.org\/{rel}","templated":true}]}}