{"id":5350,"date":"2022-03-08T23:33:30","date_gmt":"2022-03-08T22:33:30","guid":{"rendered":"http:\/\/kirche-ostenfeld.de\/wordpress\/?p=5350"},"modified":"2022-03-09T00:08:06","modified_gmt":"2022-03-08T23:08:06","slug":"pastor-2-0","status":"publish","type":"post","link":"https:\/\/kirche-ostenfeld.de\/wordpress\/archives\/5350","title":{"rendered":"Pastor 2.0"},"content":{"rendered":"\n<div class=\"wp-block-media-text alignwide is-stacked-on-mobile\" style=\"grid-template-columns:31% auto\"><figure class=\"wp-block-media-text__media\"><img loading=\"lazy\" decoding=\"async\" width=\"616\" height=\"872\" src=\"https:\/\/kirche-ostenfeld.de\/wordpress\/wp-content\/uploads\/2022\/03\/Foto-Ralf-Pehmoeller.jpg\" alt=\"\" class=\"wp-image-5351 size-full\" srcset=\"https:\/\/kirche-ostenfeld.de\/wordpress\/wp-content\/uploads\/2022\/03\/Foto-Ralf-Pehmoeller.jpg 616w, https:\/\/kirche-ostenfeld.de\/wordpress\/wp-content\/uploads\/2022\/03\/Foto-Ralf-Pehmoeller-212x300.jpg 212w\" sizes=\"auto, (max-width: 616px) 100vw, 616px\" \/><\/figure><div class=\"wp-block-media-text__content\">\n<p>29 Jahre ist es jetzt her, dass ich einen vergleichbaren Artikel geschrieben habe, im Fr\u00fchjahr 1993, als mich der damalige Kirchenvorstand hier in der Kirchengemeinde Ostenfeld auf meine erste Pfarrstelle gew\u00e4hlt hatte. 27 Jahre war ich damals alt. Damit ich nicht f\u00fcr den \u201eZivi\u201c gehalten wurde, habe ich meine Kontaktlinsen gegen eine Brille getauscht. Das sollte mich ein wenig \u00e4lter aussehen lassen \u2013 mit dem Ergebnis, dass mich einige, an deren T\u00fcr ich klingelte, f\u00fcr einen Vertreter hielten. Naja, es kann eben nicht alles klappen.<\/p>\n<\/div><\/div>\n\n\n\n<!--more-->\n\n\n\n<p>Fast 10 Jahre durfte ich damals Pastor dieser Kirchengemeinde sein. Als meine Frau Wiebke, unsere Kinder Rouven und Rahel und ich im Oktober 2002 aus dem Pastorat an der Hauptstra\u00dfe auszogen, war das f\u00fcr alle ein schwerer Abschied. Wir waren ja nicht gegangen, weil wir uns im Kirchspiel nicht wohl f\u00fchlten \u2013 ganz im Gegenteil! \u2013, sondern weil ich als immer noch relativ junger Pastor noch einmal etwas anderes ausprobieren und erleben wollte.<\/p>\n\n\n\n<p>Beruflich war das dann auch so. In den vergangenen fast 20 Jahren habe ich auf mehreren \u00fcbergemeindlichen Pfarrstellen gearbeitet: Ich war Gesch\u00e4ftsf\u00fchrer der Diakonie in Barmstedt und des Kirchengemeindeverbandes in Elmshorn, habe das Kindertagesst\u00e4ttenwerk im Kirchenkreis Dithmarschen aufgebaut und in den vergangenen sechs Jahren als Referent der Pr\u00f6pste hier im Kirchenkreis Nordfriesland gearbeitet, in den vergangenen drei Jahren in Kombination mit einer halben Pastorenstelle in der Kirchengemeinde Olderup.<\/p>\n\n\n\n<p>Und nun? Alles wieder auf Anfang? Sozusagen Pastor 2.0? Ja und nein! \u2013 Zun\u00e4chst JA. Tats\u00e4chlich bin ich nun als Gemeindepastor wieder da. Als die Pfarrstelle im Herbst letzten Jahres ausgeschrieben war, war f\u00fcr mich relativ schnell klar, dass ich mich dieses Mal bewerben musste. Wie die meisten von Ihnen und euch wissen, sind meine Familie und ich immer mit dem Kirchspiel verbunden geblieben. Bereits im August 2005 haben wir unser Haus in Ostenfeld bezogen, unsere Kinder sind hier in den Kindergarten und in die Schule gegangen, meine Frau und ich engagieren uns an vielen Stellen im Ort ehrenamtlich. Viele enge Freundschaften sind gewachsen. F\u00fcr meine Frau und mich war schon lange klar: Hier in Ostenfeld wollen wir leben. Umso dankbarer bin ich nat\u00fcrlich, dass mich der Kirchengemeinderat am Ende des Bewerbungsverfahrens zum neuen Pastor gew\u00e4hlt hat und ich bereits am 1. M\u00e4rz meinen Dienst hier antreten durfte. Nach rund 20 Jahren darf ich nun wieder dort arbeiten, wo ich auch wohne!<\/p>\n\n\n\n<p>Dann aber auch NEIN: kein Pastor 2.0. In meinem Bewerbungsschreiben habe ich geschrieben: \u201eIch bin mir sicher, dass ich jetzt anders Pastor sein werde als vor 20 Jahren.\u201c Das hat nat\u00fcrlich einen Grund: Ich bin \u00e4lter geworden, immerhin schon 56 Jahre, auch schon stolzer Opa, zu dem mich meine \u00e4lteste Tochter Rebecca gemacht hat. Ich habe mit fast 30 Jahren Berufserfahrung vieles erlebt und erfahren, was mich gepr\u00e4gt und auch ein St\u00fcck ver\u00e4ndert hat. Ich hoffe, dass ich ruhiger geworden bin, auch geduldiger (meistens jedenfalls ;-)), und dass ich andere Schwerpunkte setze als noch vor 30 Jahren. Dennoch glaube ich, dass ich nicht weniger engagiert Pastor sein werde als damals.<\/p>\n\n\n\n<p>Auf allen Stationen meines Lebens, insbesondere auch meines beruflichen Werdegangs, hat mich immer ein Vers aus dem 40. Kapitel des alttestamentlichen Buches des Propheten Jesaja begleitet, den mir ein pensionierter Gemeindepastor vor fast 40 Jahren in mein erstes griechisches Neues Testament geschrieben hat. Es hei\u00dft dort:<\/p>\n\n\n\n<p>\u201eDie auf den HERRN harren, kriegen neue Kraft, dass sie auffahren mit Fl\u00fcgeln wie Adler, dass sie laufen und nicht matt werden, dass sie wandeln und nicht m\u00fcde werden.\u201c<\/p>\n\n\n\n<p>Mit diesem Zuspruch Gottes freue ich mich auf meine neue \u201ealte\u201c Aufgabe als Gemeindepastor hier in Ostenfeld, Winnert und Wittbek. Ich freue mich auf viele Begegnungen und Gespr\u00e4che, auf Besuche zu Geburtstagen oder Ehejubil\u00e4en und vieles mehr. Ich freue mich auf Sie und auf euch alle.<\/p>\n\n\n\n<p>Herzliche Gr\u00fc\u00dfe<br>Ihr und euer Ralf Pehm\u00f6ller<\/p>\n","protected":false},"excerpt":{"rendered":"<p>29 Jahre ist es jetzt her, dass ich einen vergleichbaren Artikel geschrieben habe, im Fr\u00fchjahr 1993, als mich der damalige Kirchenvorstand hier in der Kirchengemeinde Ostenfeld auf meine erste Pfarrstelle gew\u00e4hlt hatte. 27 Jahre war ich damals alt. Damit ich &hellip; <a href=\"https:\/\/kirche-ostenfeld.de\/wordpress\/archives\/5350\">Weiterlesen <span class=\"meta-nav\">&rarr;<\/span><\/a><\/p>\n","protected":false},"author":2,"featured_media":0,"comment_status":"closed","ping_status":"closed","sticky":false,"template":"","format":"standard","meta":{"footnotes":""},"categories":[1],"tags":[45],"class_list":["post-5350","post","type-post","status-publish","format-standard","hentry","category-allgemein","tag-menschen"],"_links":{"self":[{"href":"https:\/\/kirche-ostenfeld.de\/wordpress\/wp-json\/wp\/v2\/posts\/5350","targetHints":{"allow":["GET"]}}],"collection":[{"href":"https:\/\/kirche-ostenfeld.de\/wordpress\/wp-json\/wp\/v2\/posts"}],"about":[{"href":"https:\/\/kirche-ostenfeld.de\/wordpress\/wp-json\/wp\/v2\/types\/post"}],"author":[{"embeddable":true,"href":"https:\/\/kirche-ostenfeld.de\/wordpress\/wp-json\/wp\/v2\/users\/2"}],"replies":[{"embeddable":true,"href":"https:\/\/kirche-ostenfeld.de\/wordpress\/wp-json\/wp\/v2\/comments?post=5350"}],"version-history":[{"count":4,"href":"https:\/\/kirche-ostenfeld.de\/wordpress\/wp-json\/wp\/v2\/posts\/5350\/revisions"}],"predecessor-version":[{"id":5362,"href":"https:\/\/kirche-ostenfeld.de\/wordpress\/wp-json\/wp\/v2\/posts\/5350\/revisions\/5362"}],"wp:attachment":[{"href":"https:\/\/kirche-ostenfeld.de\/wordpress\/wp-json\/wp\/v2\/media?parent=5350"}],"wp:term":[{"taxonomy":"category","embeddable":true,"href":"https:\/\/kirche-ostenfeld.de\/wordpress\/wp-json\/wp\/v2\/categories?post=5350"},{"taxonomy":"post_tag","embeddable":true,"href":"https:\/\/kirche-ostenfeld.de\/wordpress\/wp-json\/wp\/v2\/tags?post=5350"}],"curies":[{"name":"wp","href":"https:\/\/api.w.org\/{rel}","templated":true}]}}