{"id":5335,"date":"2022-02-01T22:23:00","date_gmt":"2022-02-01T21:23:00","guid":{"rendered":"http:\/\/kirche-ostenfeld.de\/wordpress\/?p=5335"},"modified":"2022-02-02T22:25:41","modified_gmt":"2022-02-02T21:25:41","slug":"neues-vom-handarbeitskreis","status":"publish","type":"post","link":"https:\/\/kirche-ostenfeld.de\/wordpress\/archives\/5335","title":{"rendered":"Neues vom Handarbeitskreis"},"content":{"rendered":"\n<p>Auch im vergangenen Jahr konnte wegen Corona kein Basar stattfinden. Doch unsere Gruppe durfte sich (unter Ber\u00fccksichtigung der vorgegebenen Regeln) weiter treffen und arbeiten. Durch interne Verk\u00e4ufe, verteilt \u00fcbers ganze Jahr, hatte sich ein Guthaben von 500 \u20ac \u201eangesammelt\u201c. Diese Summe wurde \u2013 nach gemeinsamer Absprache \u2013 an die Flutopferhilfe der evangelischen Kirchengemeinde Bad Neuenahr \u00fcberwiesen. Unser Ansprechpartner, Pfarrer Friedemann Bach, sicherte uns zu, dass unsere Spende zu 100&nbsp;% den betroffenen Menschen seiner Gemeinde zugute kommen werde. Herr Bach schickte per Mail einige Situationsberichte mit, die, trotz der bekannten Informationen und Bilder der Medien, zutiefst ersch\u00fcttern und von der Not ein Bild geben. Unsere Spende wird gut angenommen.<\/p>\n\n\n\n<p class=\"has-text-align-right\">Margrit Pippow<\/p>\n","protected":false},"excerpt":{"rendered":"<p>Auch im vergangenen Jahr konnte wegen Corona kein Basar stattfinden. Doch unsere Gruppe durfte sich (unter Ber\u00fccksichtigung der vorgegebenen Regeln) weiter treffen und arbeiten. Durch interne Verk\u00e4ufe, verteilt \u00fcbers ganze Jahr, hatte sich ein Guthaben von 500 \u20ac \u201eangesammelt\u201c. Diese &hellip; <a href=\"https:\/\/kirche-ostenfeld.de\/wordpress\/archives\/5335\">Weiterlesen <span class=\"meta-nav\">&rarr;<\/span><\/a><\/p>\n","protected":false},"author":2,"featured_media":0,"comment_status":"closed","ping_status":"closed","sticky":false,"template":"","format":"standard","meta":{"footnotes":""},"categories":[1],"tags":[12,27],"class_list":["post-5335","post","type-post","status-publish","format-standard","hentry","category-allgemein","tag-angebote","tag-ehrenamt"],"_links":{"self":[{"href":"https:\/\/kirche-ostenfeld.de\/wordpress\/wp-json\/wp\/v2\/posts\/5335","targetHints":{"allow":["GET"]}}],"collection":[{"href":"https:\/\/kirche-ostenfeld.de\/wordpress\/wp-json\/wp\/v2\/posts"}],"about":[{"href":"https:\/\/kirche-ostenfeld.de\/wordpress\/wp-json\/wp\/v2\/types\/post"}],"author":[{"embeddable":true,"href":"https:\/\/kirche-ostenfeld.de\/wordpress\/wp-json\/wp\/v2\/users\/2"}],"replies":[{"embeddable":true,"href":"https:\/\/kirche-ostenfeld.de\/wordpress\/wp-json\/wp\/v2\/comments?post=5335"}],"version-history":[{"count":1,"href":"https:\/\/kirche-ostenfeld.de\/wordpress\/wp-json\/wp\/v2\/posts\/5335\/revisions"}],"predecessor-version":[{"id":5336,"href":"https:\/\/kirche-ostenfeld.de\/wordpress\/wp-json\/wp\/v2\/posts\/5335\/revisions\/5336"}],"wp:attachment":[{"href":"https:\/\/kirche-ostenfeld.de\/wordpress\/wp-json\/wp\/v2\/media?parent=5335"}],"wp:term":[{"taxonomy":"category","embeddable":true,"href":"https:\/\/kirche-ostenfeld.de\/wordpress\/wp-json\/wp\/v2\/categories?post=5335"},{"taxonomy":"post_tag","embeddable":true,"href":"https:\/\/kirche-ostenfeld.de\/wordpress\/wp-json\/wp\/v2\/tags?post=5335"}],"curies":[{"name":"wp","href":"https:\/\/api.w.org\/{rel}","templated":true}]}}