{"id":519,"date":"2012-03-24T19:48:11","date_gmt":"2012-03-24T18:48:11","guid":{"rendered":"http:\/\/kirche-ostenfeld.de\/wordpress\/?p=519"},"modified":"2012-03-24T21:00:52","modified_gmt":"2012-03-24T20:00:52","slug":"gehet-hinaus","status":"publish","type":"post","link":"https:\/\/kirche-ostenfeld.de\/wordpress\/archives\/519","title":{"rendered":"Gehet hinaus!"},"content":{"rendered":"<p>Das f\u00e4llt leicht in diesen ersten warmen Fr\u00fchlingstagen: hinaus gehen. Die Sonne sp\u00fcren, den Himmel sehen. Tief atmen. Das Leben erleben. Vieles lang Entbehrte kehrt zur\u00fcck \u2013 das Licht und der Geruch der Natur, Vogelstimmen und erstes Gr\u00fcn. \u201eGeht hinaus!\u201c \u2013 das f\u00e4llt leicht! <!--more--><\/p>\n<p><em><strong>Monatsspruch f\u00fcr April<\/strong> Jesus Christus spricht: Geht hinaus in die ganze Welt, und verk\u00fcndet das Evangelium allen Gesch\u00f6pfen! (Markus 16,15)<\/em><\/p>\n<p>Aber der Auftrag ist tats\u00e4chlich noch gr\u00f6\u00dfer, mit Schnuppern und wohligem Seufzen ist der Welt noch nicht geholfen. \u201eErz\u00e4hlt von Gottes Liebe\u201c, sagt Jesus. Bleibt nicht bei euch. Geht in alle Welt, also auch dahin, wo ihr noch nie ward, zu denen, zu denen eigentlich kein Weg hinf\u00fchrt. Redet mit ihnen. Sagt ihnen gute Nachrichten. Vom Fr\u00fchling und vom Leben \u2013 und bringt alles mit IHM zusammen, mit Gott. Denn daraus leben wir alle, dass wir SEINE Gesch\u00f6pfe sind, von Ihm erdacht und gemacht \u2013 selbst kriegen wir so wenig zustande, aber durch Ihn ist alles in guter Ordnung.<\/p>\n<p>Liebe Gemeinde, ich w\u00fcnsche Ihnen einen guten Weg, mit der guten Nachricht des Osterfestes im Gep\u00e4ck. Das Leben hat den Tod \u00fcberwunden.<\/p>\n<p>Gehet hinaus \u2013 bleibt nicht bei euch!<br \/>\nIhre Pastorin Annkatrin Kolbe<\/p>\n","protected":false},"excerpt":{"rendered":"<p>Das f\u00e4llt leicht in diesen ersten warmen Fr\u00fchlingstagen: hinaus gehen. Die Sonne sp\u00fcren, den Himmel sehen. Tief atmen. Das Leben erleben. Vieles lang Entbehrte kehrt zur\u00fcck \u2013 das Licht und der Geruch der Natur, Vogelstimmen und erstes Gr\u00fcn. \u201eGeht hinaus!\u201c &hellip; <a href=\"https:\/\/kirche-ostenfeld.de\/wordpress\/archives\/519\">Weiterlesen <span class=\"meta-nav\">&rarr;<\/span><\/a><\/p>\n","protected":false},"author":2,"featured_media":0,"comment_status":"closed","ping_status":"closed","sticky":false,"template":"","format":"standard","meta":{"footnotes":""},"categories":[1],"tags":[11,22],"class_list":["post-519","post","type-post","status-publish","format-standard","hentry","category-allgemein","tag-kirche","tag-unterwegs"],"_links":{"self":[{"href":"https:\/\/kirche-ostenfeld.de\/wordpress\/wp-json\/wp\/v2\/posts\/519","targetHints":{"allow":["GET"]}}],"collection":[{"href":"https:\/\/kirche-ostenfeld.de\/wordpress\/wp-json\/wp\/v2\/posts"}],"about":[{"href":"https:\/\/kirche-ostenfeld.de\/wordpress\/wp-json\/wp\/v2\/types\/post"}],"author":[{"embeddable":true,"href":"https:\/\/kirche-ostenfeld.de\/wordpress\/wp-json\/wp\/v2\/users\/2"}],"replies":[{"embeddable":true,"href":"https:\/\/kirche-ostenfeld.de\/wordpress\/wp-json\/wp\/v2\/comments?post=519"}],"version-history":[{"count":4,"href":"https:\/\/kirche-ostenfeld.de\/wordpress\/wp-json\/wp\/v2\/posts\/519\/revisions"}],"predecessor-version":[{"id":527,"href":"https:\/\/kirche-ostenfeld.de\/wordpress\/wp-json\/wp\/v2\/posts\/519\/revisions\/527"}],"wp:attachment":[{"href":"https:\/\/kirche-ostenfeld.de\/wordpress\/wp-json\/wp\/v2\/media?parent=519"}],"wp:term":[{"taxonomy":"category","embeddable":true,"href":"https:\/\/kirche-ostenfeld.de\/wordpress\/wp-json\/wp\/v2\/categories?post=519"},{"taxonomy":"post_tag","embeddable":true,"href":"https:\/\/kirche-ostenfeld.de\/wordpress\/wp-json\/wp\/v2\/tags?post=519"}],"curies":[{"name":"wp","href":"https:\/\/api.w.org\/{rel}","templated":true}]}}