{"id":4976,"date":"2021-05-11T18:31:00","date_gmt":"2021-05-11T17:31:00","guid":{"rendered":"http:\/\/kirche-ostenfeld.de\/wordpress\/?p=4976"},"modified":"2021-05-12T18:41:27","modified_gmt":"2021-05-12T17:41:27","slug":"ostern-ein-rueckblick","status":"publish","type":"post","link":"https:\/\/kirche-ostenfeld.de\/wordpress\/archives\/4976","title":{"rendered":"Ostern \u2013 ein R\u00fcckblick"},"content":{"rendered":"\n<figure class=\"wp-block-image size-large is-resized is-style-default\"><a href=\"https:\/\/kirche-ostenfeld.de\/wordpress\/wp-content\/uploads\/2021\/05\/Kirche-geschmueckt.jpg\"><img loading=\"lazy\" decoding=\"async\" src=\"https:\/\/kirche-ostenfeld.de\/wordpress\/wp-content\/uploads\/2021\/05\/Kirche-geschmueckt.jpg\" alt=\"\" class=\"wp-image-4977\" width=\"668\" height=\"500\" srcset=\"https:\/\/kirche-ostenfeld.de\/wordpress\/wp-content\/uploads\/2021\/05\/Kirche-geschmueckt.jpg 1024w, https:\/\/kirche-ostenfeld.de\/wordpress\/wp-content\/uploads\/2021\/05\/Kirche-geschmueckt-300x225.jpg 300w, https:\/\/kirche-ostenfeld.de\/wordpress\/wp-content\/uploads\/2021\/05\/Kirche-geschmueckt-768x576.jpg 768w\" sizes=\"auto, (max-width: 668px) 100vw, 668px\" \/><\/a><\/figure>\n\n\n\n<p class=\"has-drop-cap\">Nach langer Pause konnten wir kurz vor Ostern wieder Gottesdiensten feiern und sind mit Palmsonntag in die Osterzeit und die Ostergottesdienste gestartet.<br>Gr\u00fcndonnerstag war etwas ungewohnt, so ganz ohne Abendmahl, und auch der Karfreitag war in diesem Jahr bedr\u00fcckender als in den Jahren zuvor. Keine Glocken, die zum Gottesdienst einluden, keine Orgelmusik \u2013 und Gemeindegesang ist ohnehin schon seit gut einem Jahr untersagt. Auch der Altar war in diesem Jahr vollst\u00e4ndig in schwarze T\u00fccher geh\u00fcllt. Den Fu\u00dfboden vor dem Altar zierte ein Bodenbild. Ein Kreuz aus Steinen sowie Symbole f\u00fcr Tod und Verg\u00e4nglichkeit zogen die Blicke auf sich. Besucher waren eingeladen, an der Basis des Kreuzes selbst einen Stein abzulegen, um somit alles Schwere und Belastende vor Gott zu bringen und ihm anzuvertrauen. Um 15 Uhr, zur Sterbestunde Jesu, l\u00e4utete dann die Totenglocke.<\/p>\n\n\n\n<!--more-->\n\n\n\n<p class=\"has-drop-cap\">Zwar haben wir in diesem Jahr auf die Feier der Osternacht verzichtet, dennoch l\u00e4uteten die Glocken morgens um 6 Uhr den Ostermorgen ein, und zur gewohnten Gottesdienstzeit haben wir dann die Auferstehung des Herrn gefeiert. Auch f\u00fcr diesen Gottesdienst hat uns Anita K\u00f6rwer wieder eine Osterkerze gestaltet, die uns nun durch das weitere Kirchenjahr begleiten wird. Hauptmotiv ist ein Leuchtturm der, wie Jesus Christus, ein Leuchtfeuer der Hoffnung sein soll. Ein herzliches Dankesch\u00f6n an dieser Stelle an Frau K\u00f6rwer, f\u00fcr ihre M\u00fche und ihren Ideenreichtum.<\/p>\n\n\n\n<div class=\"wp-block-columns is-layout-flex wp-container-core-columns-is-layout-9d6595d7 wp-block-columns-is-layout-flex\">\n<div class=\"wp-block-column is-vertically-aligned-top is-layout-flow wp-block-column-is-layout-flow\" style=\"flex-basis:100%\">\n<div class=\"wp-block-group\"><div class=\"wp-block-group__inner-container is-layout-flow wp-block-group-is-layout-flow\">\n<div class=\"wp-block-group\"><div class=\"wp-block-group__inner-container is-layout-flow wp-block-group-is-layout-flow\">\n<div class=\"wp-block-image is-style-default\"><figure class=\"alignleft size-large is-resized\"><a href=\"https:\/\/kirche-ostenfeld.de\/wordpress\/wp-content\/uploads\/2021\/05\/Konfirmanden-Spurensuche-Ostern-rotated.jpg\"><img decoding=\"async\" src=\"https:\/\/kirche-ostenfeld.de\/wordpress\/wp-content\/uploads\/2021\/05\/Konfirmanden-Spurensuche-Ostern-edited-1.jpg\" alt=\"\" class=\"wp-image-4982\" width=\"317\" height=\"429.94437086092717\" srcset=\"https:\/\/kirche-ostenfeld.de\/wordpress\/wp-content\/uploads\/2021\/05\/Konfirmanden-Spurensuche-Ostern-edited-1.jpg 755w, https:\/\/kirche-ostenfeld.de\/wordpress\/wp-content\/uploads\/2021\/05\/Konfirmanden-Spurensuche-Ostern-edited-1-221x300.jpg 221w\" sizes=\"(max-width: 755px) 100vw, 755px\" \/><\/a><\/figure><\/div>\n\n\n\n<p class=\"has-drop-cap\">Aber mit dem Ostergottesdienst war es nicht vorbei. Im vergangen Jahr hatten wir nur die Kirche ein wenig \u00f6sterlich gestalten und zu Mitmachaktionen einladen k\u00f6nnen, um wenigstens ein wenig Osterfreude in die H\u00e4user zu bringen. Diesen Impuls haben wir f\u00fcr dieses Jahr erneut aufgegriffen und die Kirche war \u00f6sterlich geschm\u00fcckt. Auch das Bodenbild im Altarraum zeugte nun von neuem Leben.<\/p>\n\n\n\n<p>Die Konfirmanden gestalteten einen Osterstrauch und haben sich im Vorfeld auf \u201eFotosafari\u201c begeben und Spuren von Auferstehung gesucht und fotografiert. Das Ergebnis ist nach wie vor in der Kirche zu bewundern.<\/p>\n<\/div><\/div>\n<\/div><\/div>\n<\/div>\n<\/div>\n\n\n\n<p class=\"has-drop-cap\">Wie bereits im letzten St. Petri-Brief erw\u00e4hnt, sind solche Aktionen nicht von langer Hand geplant, sondern entstehen sehr spontan. Daher gibt es auch keine Ank\u00fcndigungen im St. Petri-Brief. Auch zuk\u00fcnftig wird es, zus\u00e4tzlich zu den Gottesdiensten, solche Aktionen geben. Bleiben Sie neugierig und werfen Sie ab und an mal einen Blick in die Kirche \u2013 es lohnt sich auf jeden Fall.<\/p>\n\n\n\n<p class=\"has-text-align-right\">Christiane Marcus<\/p>\n","protected":false},"excerpt":{"rendered":"<p>Nach langer Pause konnten wir kurz vor Ostern wieder Gottesdiensten feiern und sind mit Palmsonntag in die Osterzeit und die Ostergottesdienste gestartet.Gr\u00fcndonnerstag war etwas ungewohnt, so ganz ohne Abendmahl, und auch der Karfreitag war in diesem Jahr bedr\u00fcckender als in &hellip; <a href=\"https:\/\/kirche-ostenfeld.de\/wordpress\/archives\/4976\">Weiterlesen <span class=\"meta-nav\">&rarr;<\/span><\/a><\/p>\n","protected":false},"author":2,"featured_media":0,"comment_status":"closed","ping_status":"closed","sticky":false,"template":"","format":"standard","meta":{"footnotes":""},"categories":[1],"tags":[26,25,11,15],"class_list":["post-4976","post","type-post","status-publish","format-standard","hentry","category-allgemein","tag-glauben","tag-jugend","tag-kirche","tag-konfirmanden"],"_links":{"self":[{"href":"https:\/\/kirche-ostenfeld.de\/wordpress\/wp-json\/wp\/v2\/posts\/4976","targetHints":{"allow":["GET"]}}],"collection":[{"href":"https:\/\/kirche-ostenfeld.de\/wordpress\/wp-json\/wp\/v2\/posts"}],"about":[{"href":"https:\/\/kirche-ostenfeld.de\/wordpress\/wp-json\/wp\/v2\/types\/post"}],"author":[{"embeddable":true,"href":"https:\/\/kirche-ostenfeld.de\/wordpress\/wp-json\/wp\/v2\/users\/2"}],"replies":[{"embeddable":true,"href":"https:\/\/kirche-ostenfeld.de\/wordpress\/wp-json\/wp\/v2\/comments?post=4976"}],"version-history":[{"count":5,"href":"https:\/\/kirche-ostenfeld.de\/wordpress\/wp-json\/wp\/v2\/posts\/4976\/revisions"}],"predecessor-version":[{"id":4986,"href":"https:\/\/kirche-ostenfeld.de\/wordpress\/wp-json\/wp\/v2\/posts\/4976\/revisions\/4986"}],"wp:attachment":[{"href":"https:\/\/kirche-ostenfeld.de\/wordpress\/wp-json\/wp\/v2\/media?parent=4976"}],"wp:term":[{"taxonomy":"category","embeddable":true,"href":"https:\/\/kirche-ostenfeld.de\/wordpress\/wp-json\/wp\/v2\/categories?post=4976"},{"taxonomy":"post_tag","embeddable":true,"href":"https:\/\/kirche-ostenfeld.de\/wordpress\/wp-json\/wp\/v2\/tags?post=4976"}],"curies":[{"name":"wp","href":"https:\/\/api.w.org\/{rel}","templated":true}]}}