{"id":4853,"date":"2020-11-25T09:51:51","date_gmt":"2020-11-25T08:51:51","guid":{"rendered":"http:\/\/kirche-ostenfeld.de\/wordpress\/?p=4853"},"modified":"2020-11-25T09:51:51","modified_gmt":"2020-11-25T08:51:51","slug":"der-trauer-einen-platz-geben","status":"publish","type":"post","link":"https:\/\/kirche-ostenfeld.de\/wordpress\/archives\/4853","title":{"rendered":"Der Trauer einen Platz geben"},"content":{"rendered":"\n<p>\u2026 genau das m\u00f6chten wir! Wir haben einen gem\u00fctlichen Platz in unserer Kirche geschaffen, an dem die Trauer Platz und Raum bekommen darf. F\u00fcr das Anz\u00fcnden einer Kerze, f\u00fcr das Innehalten und Raum den Gedanken nachzuh\u00e4ngen. Tr\u00f6stende und aufmunternde Worte warten darauf gelesen zu werden. Der Abschied in diesen Zeiten f\u00e4llt besonders schwer und unsere Kirche steht allen offen f\u00fcr einen ganz pers\u00f6nlichen Moment der Stille und des Innehaltens.<\/p>\n\n\n\n<figure class=\"wp-block-image size-large\"><img loading=\"lazy\" decoding=\"async\" width=\"1024\" height=\"768\" src=\"https:\/\/kirche-ostenfeld.de\/wordpress\/wp-content\/uploads\/2020\/11\/der-Trauer-einen-Platz-geben-1.jpg\" alt=\"\" class=\"wp-image-4855\" srcset=\"https:\/\/kirche-ostenfeld.de\/wordpress\/wp-content\/uploads\/2020\/11\/der-Trauer-einen-Platz-geben-1.jpg 1024w, https:\/\/kirche-ostenfeld.de\/wordpress\/wp-content\/uploads\/2020\/11\/der-Trauer-einen-Platz-geben-1-300x225.jpg 300w, https:\/\/kirche-ostenfeld.de\/wordpress\/wp-content\/uploads\/2020\/11\/der-Trauer-einen-Platz-geben-1-768x576.jpg 768w\" sizes=\"auto, (max-width: 1024px) 100vw, 1024px\" \/><\/figure>\n","protected":false},"excerpt":{"rendered":"<p>\u2026 genau das m\u00f6chten wir! Wir haben einen gem\u00fctlichen Platz in unserer Kirche geschaffen, an dem die Trauer Platz und Raum bekommen darf. F\u00fcr das Anz\u00fcnden einer Kerze, f\u00fcr das Innehalten und Raum den Gedanken nachzuh\u00e4ngen. Tr\u00f6stende und aufmunternde Worte &hellip; <a href=\"https:\/\/kirche-ostenfeld.de\/wordpress\/archives\/4853\">Weiterlesen <span class=\"meta-nav\">&rarr;<\/span><\/a><\/p>\n","protected":false},"author":2,"featured_media":0,"comment_status":"closed","ping_status":"closed","sticky":false,"template":"","format":"standard","meta":{"footnotes":""},"categories":[1],"tags":[26,11],"class_list":["post-4853","post","type-post","status-publish","format-standard","hentry","category-allgemein","tag-glauben","tag-kirche"],"_links":{"self":[{"href":"https:\/\/kirche-ostenfeld.de\/wordpress\/wp-json\/wp\/v2\/posts\/4853","targetHints":{"allow":["GET"]}}],"collection":[{"href":"https:\/\/kirche-ostenfeld.de\/wordpress\/wp-json\/wp\/v2\/posts"}],"about":[{"href":"https:\/\/kirche-ostenfeld.de\/wordpress\/wp-json\/wp\/v2\/types\/post"}],"author":[{"embeddable":true,"href":"https:\/\/kirche-ostenfeld.de\/wordpress\/wp-json\/wp\/v2\/users\/2"}],"replies":[{"embeddable":true,"href":"https:\/\/kirche-ostenfeld.de\/wordpress\/wp-json\/wp\/v2\/comments?post=4853"}],"version-history":[{"count":1,"href":"https:\/\/kirche-ostenfeld.de\/wordpress\/wp-json\/wp\/v2\/posts\/4853\/revisions"}],"predecessor-version":[{"id":4856,"href":"https:\/\/kirche-ostenfeld.de\/wordpress\/wp-json\/wp\/v2\/posts\/4853\/revisions\/4856"}],"wp:attachment":[{"href":"https:\/\/kirche-ostenfeld.de\/wordpress\/wp-json\/wp\/v2\/media?parent=4853"}],"wp:term":[{"taxonomy":"category","embeddable":true,"href":"https:\/\/kirche-ostenfeld.de\/wordpress\/wp-json\/wp\/v2\/categories?post=4853"},{"taxonomy":"post_tag","embeddable":true,"href":"https:\/\/kirche-ostenfeld.de\/wordpress\/wp-json\/wp\/v2\/tags?post=4853"}],"curies":[{"name":"wp","href":"https:\/\/api.w.org\/{rel}","templated":true}]}}