{"id":4826,"date":"2020-11-17T08:57:19","date_gmt":"2020-11-17T07:57:19","guid":{"rendered":"http:\/\/kirche-ostenfeld.de\/wordpress\/?p=4826"},"modified":"2020-11-17T09:00:21","modified_gmt":"2020-11-17T08:00:21","slug":"gestatten-wir-sind-die-neuen","status":"publish","type":"post","link":"https:\/\/kirche-ostenfeld.de\/wordpress\/archives\/4826","title":{"rendered":"Gestatten, wir sind die Neuen"},"content":{"rendered":"\n<p class=\"has-drop-cap\">Vielleicht haben Sie uns schon in dem einen oder anderen Gottesdienst bemerkt. Wir sind die neuen Konfis. Normalerweise w\u00e4ren wir ja w\u00e4hrend eines Gottesdienstes als neue Konfis\nbegr\u00fc\u00dft und der Gemeinde vorgestellt worden. Aber in diesem Jahr ist alles anders. Wir sind 26 Konfirmandinnen und Konfirmanden, und wenn wir in einem Sonntagsgottesdienst begr\u00fc\u00dft w\u00fcrden, wir vielleicht\nauch noch unsere Eltern mitbr\u00e4chten, w\u00e4re in unserer St. Petri-Kirche kein Platz mehr f\u00fcr andere Gottesdienstbesucher. <\/p>\n\n\n\n<!--more-->\n\n\n\n<p class=\"has-drop-cap\">Dennoch m\u00f6chten wir uns Ihnen gerne vorstellen. Wir haben Plakate gestaltet, auf denen wir uns kurz pr\u00e4sentieren. Diese werden in einem Album zusammengestellt und demn\u00e4chst\nin der Kirche ausliegen. Ebenso haben wir Gruppenfotos gemacht, die in der Kirche ausgestellt werden.<\/p>\n\n\n\n<figure class=\"wp-block-image\"><img loading=\"lazy\" decoding=\"async\" width=\"1024\" height=\"768\" src=\"https:\/\/kirche-ostenfeld.de\/wordpress\/wp-content\/uploads\/2020\/11\/Dienstag-I.jpg\" alt=\"\" class=\"wp-image-4827\" srcset=\"https:\/\/kirche-ostenfeld.de\/wordpress\/wp-content\/uploads\/2020\/11\/Dienstag-I.jpg 1024w, https:\/\/kirche-ostenfeld.de\/wordpress\/wp-content\/uploads\/2020\/11\/Dienstag-I-300x225.jpg 300w, https:\/\/kirche-ostenfeld.de\/wordpress\/wp-content\/uploads\/2020\/11\/Dienstag-I-768x576.jpg 768w\" sizes=\"auto, (max-width: 1024px) 100vw, 1024px\" \/><\/figure>\n\n\n\n<p class=\"has-drop-cap\">So holperig, wie der letzte Konfi-Jahrgang zu Ende ging, so holperig hat unsere Konfizeit begonnen. Geplant war, dass wir noch vor den Sommerferien starten und dann im n\u00e4chsten Jahr\nim Mai\/Juni konfirmiert werden. Doch ein Virus machte uns einen dicken Strich durch die Rechnung, und so konnten wir erst nach den Sommerferien loslegen. Und da wir mit einer deutlichen Versp\u00e4tung gestartet sind, habe\nsich auch unsere Konfirmationstermine in die zweite Jahresh\u00e4lfte 2021 verschoben und wir k\u00f6nnen erst am 28.\/29 August Konfirmation feiern.<\/p>\n\n\n\n<figure class=\"wp-block-image\"><img loading=\"lazy\" decoding=\"async\" width=\"1024\" height=\"768\" src=\"https:\/\/kirche-ostenfeld.de\/wordpress\/wp-content\/uploads\/2020\/11\/Dienstag-II.jpg\" alt=\"\" class=\"wp-image-4828\" srcset=\"https:\/\/kirche-ostenfeld.de\/wordpress\/wp-content\/uploads\/2020\/11\/Dienstag-II.jpg 1024w, https:\/\/kirche-ostenfeld.de\/wordpress\/wp-content\/uploads\/2020\/11\/Dienstag-II-300x225.jpg 300w, https:\/\/kirche-ostenfeld.de\/wordpress\/wp-content\/uploads\/2020\/11\/Dienstag-II-768x576.jpg 768w\" sizes=\"auto, (max-width: 1024px) 100vw, 1024px\" \/><\/figure>\n\n\n\n<p class=\"has-drop-cap\">Unsere Konfistunden k\u00f6nnen auch nicht wie gewohnt in einer bzw. zwei Gruppen durchgef\u00fchrt werden, da auch wir eine Menge Auflagen zu beachten haben (Maske, Abstand und so &#8230;).\nUnd unter den gegebenen Umst\u00e4nden passen nicht so viele Personen in unseren Gemeindesaal. Darum haben wir uns auf vier kleinere Gruppen aufgeteilt und haben jetzt jeweils dienstags und donnerstags in je zwei Gruppen Konfistunde.\nWir hoffen nat\u00fcrlich, dass sich die Lage irgendwann auch wieder entspannen wird und wir dann die jeweiligen Gruppen dienstags bzw. donnerstags zu je einer gr\u00f6\u00dferen Gruppe zusammenschlie\u00dfen k\u00f6nnen,\ndenn mit mehr Leuten macht es einfach auch mehr Spa\u00df. Aber jetzt sind wir erstmal gespannt auf das, was uns erwartet und was wir alles Neues entdecken werden.<\/p>\n\n\n\n<figure class=\"wp-block-image\"><img loading=\"lazy\" decoding=\"async\" width=\"1024\" height=\"768\" src=\"https:\/\/kirche-ostenfeld.de\/wordpress\/wp-content\/uploads\/2020\/11\/Donnerstag-I.jpg\" alt=\"\" class=\"wp-image-4829\" srcset=\"https:\/\/kirche-ostenfeld.de\/wordpress\/wp-content\/uploads\/2020\/11\/Donnerstag-I.jpg 1024w, https:\/\/kirche-ostenfeld.de\/wordpress\/wp-content\/uploads\/2020\/11\/Donnerstag-I-300x225.jpg 300w, https:\/\/kirche-ostenfeld.de\/wordpress\/wp-content\/uploads\/2020\/11\/Donnerstag-I-768x576.jpg 768w\" sizes=\"auto, (max-width: 1024px) 100vw, 1024px\" \/><\/figure>\n\n\n\n<p>Beste Gr\u00fc\u00dfe, <br>Ihre neuen Konfis<\/p>\n\n\n\n<figure class=\"wp-block-image\"><img loading=\"lazy\" decoding=\"async\" width=\"1024\" height=\"768\" src=\"https:\/\/kirche-ostenfeld.de\/wordpress\/wp-content\/uploads\/2020\/11\/Donnerstag-II.jpg\" alt=\"\" class=\"wp-image-4830\" srcset=\"https:\/\/kirche-ostenfeld.de\/wordpress\/wp-content\/uploads\/2020\/11\/Donnerstag-II.jpg 1024w, https:\/\/kirche-ostenfeld.de\/wordpress\/wp-content\/uploads\/2020\/11\/Donnerstag-II-300x225.jpg 300w, https:\/\/kirche-ostenfeld.de\/wordpress\/wp-content\/uploads\/2020\/11\/Donnerstag-II-768x576.jpg 768w\" sizes=\"auto, (max-width: 1024px) 100vw, 1024px\" \/><\/figure>\n","protected":false},"excerpt":{"rendered":"<p>Vielleicht haben Sie uns schon in dem einen oder anderen Gottesdienst bemerkt. Wir sind die neuen Konfis. Normalerweise w\u00e4ren wir ja w\u00e4hrend eines Gottesdienstes als neue Konfis begr\u00fc\u00dft und der Gemeinde vorgestellt worden. Aber in diesem Jahr ist alles anders. &hellip; <a href=\"https:\/\/kirche-ostenfeld.de\/wordpress\/archives\/4826\">Weiterlesen <span class=\"meta-nav\">&rarr;<\/span><\/a><\/p>\n","protected":false},"author":2,"featured_media":0,"comment_status":"closed","ping_status":"closed","sticky":false,"template":"","format":"standard","meta":{"footnotes":""},"categories":[1],"tags":[26,25,15],"class_list":["post-4826","post","type-post","status-publish","format-standard","hentry","category-allgemein","tag-glauben","tag-jugend","tag-konfirmanden"],"_links":{"self":[{"href":"https:\/\/kirche-ostenfeld.de\/wordpress\/wp-json\/wp\/v2\/posts\/4826","targetHints":{"allow":["GET"]}}],"collection":[{"href":"https:\/\/kirche-ostenfeld.de\/wordpress\/wp-json\/wp\/v2\/posts"}],"about":[{"href":"https:\/\/kirche-ostenfeld.de\/wordpress\/wp-json\/wp\/v2\/types\/post"}],"author":[{"embeddable":true,"href":"https:\/\/kirche-ostenfeld.de\/wordpress\/wp-json\/wp\/v2\/users\/2"}],"replies":[{"embeddable":true,"href":"https:\/\/kirche-ostenfeld.de\/wordpress\/wp-json\/wp\/v2\/comments?post=4826"}],"version-history":[{"count":4,"href":"https:\/\/kirche-ostenfeld.de\/wordpress\/wp-json\/wp\/v2\/posts\/4826\/revisions"}],"predecessor-version":[{"id":4835,"href":"https:\/\/kirche-ostenfeld.de\/wordpress\/wp-json\/wp\/v2\/posts\/4826\/revisions\/4835"}],"wp:attachment":[{"href":"https:\/\/kirche-ostenfeld.de\/wordpress\/wp-json\/wp\/v2\/media?parent=4826"}],"wp:term":[{"taxonomy":"category","embeddable":true,"href":"https:\/\/kirche-ostenfeld.de\/wordpress\/wp-json\/wp\/v2\/categories?post=4826"},{"taxonomy":"post_tag","embeddable":true,"href":"https:\/\/kirche-ostenfeld.de\/wordpress\/wp-json\/wp\/v2\/tags?post=4826"}],"curies":[{"name":"wp","href":"https:\/\/api.w.org\/{rel}","templated":true}]}}