{"id":4767,"date":"2020-08-10T21:38:52","date_gmt":"2020-08-10T20:38:52","guid":{"rendered":"http:\/\/kirche-ostenfeld.de\/wordpress\/?p=4767"},"modified":"2020-10-06T10:40:47","modified_gmt":"2020-10-06T09:40:47","slug":"mein-freiwilliges-soziales-jahr-2","status":"publish","type":"post","link":"https:\/\/kirche-ostenfeld.de\/wordpress\/archives\/4767","title":{"rendered":"Mein freiwilliges soziales Jahr"},"content":{"rendered":"\n<figure class=\"wp-block-image size-large\"><img loading=\"lazy\" decoding=\"async\" width=\"1024\" height=\"568\" src=\"https:\/\/kirche-ostenfeld.de\/wordpress\/wp-content\/uploads\/2020\/08\/Lauszus-Johanna-c-1024x568.jpg\" alt=\"\" class=\"wp-image-4769\" srcset=\"https:\/\/kirche-ostenfeld.de\/wordpress\/wp-content\/uploads\/2020\/08\/Lauszus-Johanna-c-1024x568.jpg 1024w, https:\/\/kirche-ostenfeld.de\/wordpress\/wp-content\/uploads\/2020\/08\/Lauszus-Johanna-c-300x166.jpg 300w, https:\/\/kirche-ostenfeld.de\/wordpress\/wp-content\/uploads\/2020\/08\/Lauszus-Johanna-c-768x426.jpg 768w, https:\/\/kirche-ostenfeld.de\/wordpress\/wp-content\/uploads\/2020\/08\/Lauszus-Johanna-c.jpg 1112w\" sizes=\"auto, (max-width: 1024px) 100vw, 1024px\" \/><\/figure>\n\n\n\n<p class=\"has-drop-cap\">Mein Name ist Johanna, ich bin 20 Jahre alt und wohne mit meiner Familie in Hollingstedt. Im Sommer 2019 habe ich meinen einj\u00e4hrigen Bundesfreiwilligendienst in der Tagespflege in Winnert begonnen. Ein Jahr voller \u00dcberraschungen, lustiger Momente und Erinnerungen f\u00fcr die Ewigkeit, aber auch mit unerwarteten Ereignissen.<\/p>\n\n\n\n<!--more-->\n\n\n\n<p class=\"has-drop-cap\">So hat die Corona-Krise daf\u00fcr gesorgt, dass ich l\u00e4ngere Zeit keine Begegnungen mit den G\u00e4sten in der Einrichtung hatte, stattdessen habe ich mich in dieser Zeit meinem \u201eBufdi\u201c-Projekt gewidmet und habe die Ruher\u00e4ume der Tagespflege nach unterschiedlichen Themenbereichen neu gestaltet.<\/p>\n\n\n\n<p class=\"has-drop-cap\">In meinem Alltag in der Tagespflege konnte ich meine F\u00e4higkeiten im Kuchenbacken erweitern und das hat mir richtig Spa\u00df gemacht. Auch Einkaufen und f\u00fcr mehrere Personen Fr\u00fchst\u00fcck zuzubereiten geh\u00f6rte zu meinen Aufgaben und ist f\u00fcr mich zur Routine geworden.<br>Ich habe gerne mit unseren G\u00e4sten Spiele gespielt, bin mit ihnen drau\u00dfen gewesen oder wir haben uns einfach nur miteinander unterhalten. Es ist beeindruckend, was einige Menschen aus ihrem Leben berichten k\u00f6nnen. Ein besonderes Highlight war ein 100-j\u00e4hriger Geburtstag, den wir mit den Angeh\u00f6rigen, allen G\u00e4sten und sogar mit einer musikalischen \u00dcberraschung f\u00fcr unseren Jubilar gefeiert haben.<br>Ich habe festgestellt, dass Menschen, die im Bereich der Betreuung und Pflege arbeiten, ein besonderes Gesp\u00fcr f\u00fcr andere Personen haben. Das hat mich sehr beeindruckt. Au\u00dferdem habe ich in der Tagespflege die M\u00f6glichkeit gehabt, mir ein Bild unterschiedlicher Berufe zu machen, die in Verbindung mit der Betreuung und Pflege von Senioren stehen.<\/p>\n\n\n\n<p class=\"has-drop-cap\">Ich hatte ein sch\u00f6nes Jahr in der Tagespflege und habe viele interessante Pers\u00f6nlichkeiten kennengelernt. Diese Erfahrungen werde ich sicherlich auf meinem weiteren Lebensweg und in der nahen Zukunft in mein geplantes Studium mitnehmen, das ich gerne in diesem Jahr beginnen m\u00f6chte.<\/p>\n\n\n\n<p class=\"has-drop-cap\">Aufgrund der immer noch geltenden Anordnungen wird es mir nicht m\u00f6glich sein, mich bei allen G\u00e4sten, Angeh\u00f6rigen und Kollegen pers\u00f6nlich verabschieden zu k\u00f6nnen. Deswegen bedanke ich mich auf diesem Wege herzlich f\u00fcr das sch\u00f6ne Jahr. Vielen Dank f\u00fcr die sch\u00f6ne Zeit, die ich mit euch verbringen durfte. Ihr habt mir viel beigebracht und ich habe f\u00fcrs Leben gelernt, dadurch ist mein Bundesfreiwilligendienst zu etwas ganz Besonderem geworden. Ich war gerne bei euch.<\/p>\n\n\n\n<p class=\"has-text-align-right\">Johanna Lauszus<\/p>\n","protected":false},"excerpt":{"rendered":"<p>Mein Name ist Johanna, ich bin 20 Jahre alt und wohne mit meiner Familie in Hollingstedt. Im Sommer 2019 habe ich meinen einj\u00e4hrigen Bundesfreiwilligendienst in der Tagespflege in Winnert begonnen. Ein Jahr voller \u00dcberraschungen, lustiger Momente und Erinnerungen f\u00fcr die &hellip; <a href=\"https:\/\/kirche-ostenfeld.de\/wordpress\/archives\/4767\">Weiterlesen <span class=\"meta-nav\">&rarr;<\/span><\/a><\/p>\n","protected":false},"author":2,"featured_media":0,"comment_status":"closed","ping_status":"closed","sticky":false,"template":"","format":"standard","meta":{"footnotes":""},"categories":[1],"tags":[24,26],"class_list":["post-4767","post","type-post","status-publish","format-standard","hentry","category-allgemein","tag-diakonie","tag-glauben"],"_links":{"self":[{"href":"https:\/\/kirche-ostenfeld.de\/wordpress\/wp-json\/wp\/v2\/posts\/4767","targetHints":{"allow":["GET"]}}],"collection":[{"href":"https:\/\/kirche-ostenfeld.de\/wordpress\/wp-json\/wp\/v2\/posts"}],"about":[{"href":"https:\/\/kirche-ostenfeld.de\/wordpress\/wp-json\/wp\/v2\/types\/post"}],"author":[{"embeddable":true,"href":"https:\/\/kirche-ostenfeld.de\/wordpress\/wp-json\/wp\/v2\/users\/2"}],"replies":[{"embeddable":true,"href":"https:\/\/kirche-ostenfeld.de\/wordpress\/wp-json\/wp\/v2\/comments?post=4767"}],"version-history":[{"count":6,"href":"https:\/\/kirche-ostenfeld.de\/wordpress\/wp-json\/wp\/v2\/posts\/4767\/revisions"}],"predecessor-version":[{"id":4809,"href":"https:\/\/kirche-ostenfeld.de\/wordpress\/wp-json\/wp\/v2\/posts\/4767\/revisions\/4809"}],"wp:attachment":[{"href":"https:\/\/kirche-ostenfeld.de\/wordpress\/wp-json\/wp\/v2\/media?parent=4767"}],"wp:term":[{"taxonomy":"category","embeddable":true,"href":"https:\/\/kirche-ostenfeld.de\/wordpress\/wp-json\/wp\/v2\/categories?post=4767"},{"taxonomy":"post_tag","embeddable":true,"href":"https:\/\/kirche-ostenfeld.de\/wordpress\/wp-json\/wp\/v2\/tags?post=4767"}],"curies":[{"name":"wp","href":"https:\/\/api.w.org\/{rel}","templated":true}]}}