{"id":4699,"date":"2020-05-26T17:00:00","date_gmt":"2020-05-26T16:00:00","guid":{"rendered":"http:\/\/kirche-ostenfeld.de\/wordpress\/?p=4699"},"modified":"2020-05-26T17:35:42","modified_gmt":"2020-05-26T16:35:42","slug":"den-geburtstag-der-kirche-feiern","status":"publish","type":"post","link":"https:\/\/kirche-ostenfeld.de\/wordpress\/archives\/4699","title":{"rendered":"Den Geburtstag der Kirche feiern"},"content":{"rendered":"\n<p>Auch in diesen Zeiten \u2013 <em>gerade<\/em> in diesen Zeiten \u2013 m\u00f6chten wir den Geburtstag der Kirche feiern! Zu einem Geburtstag geh\u00f6ren <strong>Geburtstagskerzen<\/strong>! Eigentlich ist es auch ein sch\u00f6ner Brauch, so viele Kerzen aufzustellen wie es Jahre sind! Das ist ja schon bei Menschen in h\u00f6herem Alter ein Problem und erst recht beim Alter der Kirche &#8230; Wir w\u00fcnschen uns viele viele Kerzen mit Kerzenhaltern f\u00fcr den Altarraum. Bringen Sie Ihre Kerze(n) am Pfingstsamstag in die Kirche. (Die Kerzenhalter k\u00f6nnen nach Pfingsten im hinteren Teil der Kirche wieder abgeholt werden.)<\/p>\n\n\n\n<!--more-->\n\n\n\n<p>Wir m\u00f6chten die Kirche mit einem <strong>Band <\/strong>und einer sch\u00f6nen <strong>Schleife <\/strong>um den Altarraum herum schm\u00fccken und w\u00fcnschen uns dazu B\u00e4nder, die wir aneinanderf\u00fcgen werden. Das Band kann gestrickt, geh\u00e4kelt, gen\u00e4ht, geflochten &#8230; sein, auf jeden Fall w\u00e4re es gut, wenn es eine Breite von 20 cm hat und bis Donnerstag oder Freitag vor Pfingsten in der Kirche ist. Wir werden dazu einen Korb in die Kirche stellen, in den Sie Ihren Teil des Bandes legen k\u00f6nnen. Wir sind gespannt und stellen uns vor, wie bunt und vielf\u00e4ltig das Geburtstagsband sein k\u00f6nnte, wenn sich viele Menschen beteiligen.<\/p>\n\n\n\n<p>Ein Geburtstagsstrau\u00df ist etwas besonders Sch\u00f6nes. Vielleicht m\u00f6gen Sie zum Geburtstag eine <strong>Blume <\/strong>oder einen <strong>Zweig <\/strong>mitbringen und in die in der Kirche bereitgestellten Vasen stellen. <strong>DANKE!<\/strong><\/p>\n","protected":false},"excerpt":{"rendered":"<p>Auch in diesen Zeiten \u2013 gerade in diesen Zeiten \u2013 m\u00f6chten wir den Geburtstag der Kirche feiern! Zu einem Geburtstag geh\u00f6ren Geburtstagskerzen! Eigentlich ist es auch ein sch\u00f6ner Brauch, so viele Kerzen aufzustellen wie es Jahre sind! Das ist ja &hellip; <a href=\"https:\/\/kirche-ostenfeld.de\/wordpress\/archives\/4699\">Weiterlesen <span class=\"meta-nav\">&rarr;<\/span><\/a><\/p>\n","protected":false},"author":2,"featured_media":0,"comment_status":"closed","ping_status":"closed","sticky":false,"template":"","format":"standard","meta":{"footnotes":""},"categories":[1],"tags":[26,11],"class_list":["post-4699","post","type-post","status-publish","format-standard","hentry","category-allgemein","tag-glauben","tag-kirche"],"_links":{"self":[{"href":"https:\/\/kirche-ostenfeld.de\/wordpress\/wp-json\/wp\/v2\/posts\/4699","targetHints":{"allow":["GET"]}}],"collection":[{"href":"https:\/\/kirche-ostenfeld.de\/wordpress\/wp-json\/wp\/v2\/posts"}],"about":[{"href":"https:\/\/kirche-ostenfeld.de\/wordpress\/wp-json\/wp\/v2\/types\/post"}],"author":[{"embeddable":true,"href":"https:\/\/kirche-ostenfeld.de\/wordpress\/wp-json\/wp\/v2\/users\/2"}],"replies":[{"embeddable":true,"href":"https:\/\/kirche-ostenfeld.de\/wordpress\/wp-json\/wp\/v2\/comments?post=4699"}],"version-history":[{"count":1,"href":"https:\/\/kirche-ostenfeld.de\/wordpress\/wp-json\/wp\/v2\/posts\/4699\/revisions"}],"predecessor-version":[{"id":4700,"href":"https:\/\/kirche-ostenfeld.de\/wordpress\/wp-json\/wp\/v2\/posts\/4699\/revisions\/4700"}],"wp:attachment":[{"href":"https:\/\/kirche-ostenfeld.de\/wordpress\/wp-json\/wp\/v2\/media?parent=4699"}],"wp:term":[{"taxonomy":"category","embeddable":true,"href":"https:\/\/kirche-ostenfeld.de\/wordpress\/wp-json\/wp\/v2\/categories?post=4699"},{"taxonomy":"post_tag","embeddable":true,"href":"https:\/\/kirche-ostenfeld.de\/wordpress\/wp-json\/wp\/v2\/tags?post=4699"}],"curies":[{"name":"wp","href":"https:\/\/api.w.org\/{rel}","templated":true}]}}