{"id":4688,"date":"2020-05-25T17:11:00","date_gmt":"2020-05-25T16:11:00","guid":{"rendered":"http:\/\/kirche-ostenfeld.de\/wordpress\/?p=4688"},"modified":"2020-05-26T17:20:03","modified_gmt":"2020-05-26T16:20:03","slug":"abendliche-gebete","status":"publish","type":"post","link":"https:\/\/kirche-ostenfeld.de\/wordpress\/archives\/4688","title":{"rendered":"Abendliche Gebete"},"content":{"rendered":"\n<div class=\"wp-block-image\"><figure class=\"alignleft size-large\"><img loading=\"lazy\" decoding=\"async\" width=\"1024\" height=\"680\" src=\"https:\/\/kirche-ostenfeld.de\/wordpress\/wp-content\/uploads\/2015\/10\/Kind-Kerze-Lichtschein-k.jpg\" alt=\"\" class=\"wp-image-1939\" srcset=\"https:\/\/kirche-ostenfeld.de\/wordpress\/wp-content\/uploads\/2015\/10\/Kind-Kerze-Lichtschein-k.jpg 1024w, https:\/\/kirche-ostenfeld.de\/wordpress\/wp-content\/uploads\/2015\/10\/Kind-Kerze-Lichtschein-k-300x199.jpg 300w\" sizes=\"auto, (max-width: 1024px) 100vw, 1024px\" \/><\/figure><\/div>\n\n\n\n<p>Vieles ist zur Zeit nicht m\u00f6glich. Wann wir wieder Gottesdienste feiern werden, ist ungewiss. Seit Beginn der Corona-Krise steht die Kirche deshalb an allen Wochentagen zu Einkehr und Gebet offen.<\/p>\n\n\n\n<!--more-->\n\n\n\n<p>Zu Ostern entstand von Christiane Marcus spontan die Aktion \u201eOstern ist, wenn&nbsp;&#8230;\u201c, und jede Besucherin und jeder Besucher konnte diesen Satz f\u00fcr sich erg\u00e4nzen. Wer mochte, konnte eigenen Gedanken zum Nachlesen dalassen. <em><\/em><\/p>\n\n\n\n<p>Diesen Impuls wollten wir weiterf\u00fchren und laden dazu ein, sich Gedanken dazu zu machen, was in schweren Zeiten helfen kann, und auch diese mit anderen Besuchern der Kirche zu teilen. Wir haben dazu etwas in der Kirche vorbereitet, und zur Anregung liegen Texte und Gebete bereit.<\/p>\n\n\n\n<p>Dar\u00fcber hinaus gibt es vor dem Altarraum eine kleine Gebetsecke. Hier liegen ein paar Hoffnungslichter und Segensk\u00e4rtchen f\u00fcr Sie zum Mitnehmen und vielleicht auch zum Weitergeben bereit. Dazu laden wir Sie herzlich ein, vielleicht ein kleines Gebetsanliegen zu notieren und auf dem Altar abzulegen. Christiane Marcus und ich treffen uns dreimal in der Woche abends zu einem kleinen Abendgebet. Wir werden Ihre Anliegen mit aufnehmen.<\/p>\n\n\n\n<p>Wir hoffen, dass wir bald wieder gemeinsam Gottesdienste feiern k\u00f6nnen.<br>Bis dahin seien Sie herzlich gegr\u00fc\u00dft und bleiben Sie gesund!<br>Pastor Sven Rehbein<\/p>\n","protected":false},"excerpt":{"rendered":"<p>Vieles ist zur Zeit nicht m\u00f6glich. Wann wir wieder Gottesdienste feiern werden, ist ungewiss. Seit Beginn der Corona-Krise steht die Kirche deshalb an allen Wochentagen zu Einkehr und Gebet offen.<\/p>\n","protected":false},"author":2,"featured_media":0,"comment_status":"closed","ping_status":"closed","sticky":false,"template":"","format":"standard","meta":{"footnotes":""},"categories":[1],"tags":[26,11],"class_list":["post-4688","post","type-post","status-publish","format-standard","hentry","category-allgemein","tag-glauben","tag-kirche"],"_links":{"self":[{"href":"https:\/\/kirche-ostenfeld.de\/wordpress\/wp-json\/wp\/v2\/posts\/4688","targetHints":{"allow":["GET"]}}],"collection":[{"href":"https:\/\/kirche-ostenfeld.de\/wordpress\/wp-json\/wp\/v2\/posts"}],"about":[{"href":"https:\/\/kirche-ostenfeld.de\/wordpress\/wp-json\/wp\/v2\/types\/post"}],"author":[{"embeddable":true,"href":"https:\/\/kirche-ostenfeld.de\/wordpress\/wp-json\/wp\/v2\/users\/2"}],"replies":[{"embeddable":true,"href":"https:\/\/kirche-ostenfeld.de\/wordpress\/wp-json\/wp\/v2\/comments?post=4688"}],"version-history":[{"count":3,"href":"https:\/\/kirche-ostenfeld.de\/wordpress\/wp-json\/wp\/v2\/posts\/4688\/revisions"}],"predecessor-version":[{"id":4691,"href":"https:\/\/kirche-ostenfeld.de\/wordpress\/wp-json\/wp\/v2\/posts\/4688\/revisions\/4691"}],"wp:attachment":[{"href":"https:\/\/kirche-ostenfeld.de\/wordpress\/wp-json\/wp\/v2\/media?parent=4688"}],"wp:term":[{"taxonomy":"category","embeddable":true,"href":"https:\/\/kirche-ostenfeld.de\/wordpress\/wp-json\/wp\/v2\/categories?post=4688"},{"taxonomy":"post_tag","embeddable":true,"href":"https:\/\/kirche-ostenfeld.de\/wordpress\/wp-json\/wp\/v2\/tags?post=4688"}],"curies":[{"name":"wp","href":"https:\/\/api.w.org\/{rel}","templated":true}]}}