{"id":4610,"date":"2020-03-28T15:17:00","date_gmt":"2020-03-28T14:17:00","guid":{"rendered":"http:\/\/kirche-ostenfeld.de\/wordpress\/?p=4610"},"modified":"2020-03-31T15:20:49","modified_gmt":"2020-03-31T14:20:49","slug":"befluegelt-weekenenn-vun-de-church-bizkits","status":"publish","type":"post","link":"https:\/\/kirche-ostenfeld.de\/wordpress\/archives\/4610","title":{"rendered":"Befl\u00fcgelt. Weekenenn vun de Church Bizkits"},"content":{"rendered":"\n<figure class=\"wp-block-image size-large is-resized\"><img loading=\"lazy\" decoding=\"async\" src=\"https:\/\/kirche-ostenfeld.de\/wordpress\/wp-content\/uploads\/2020\/03\/Chor-Wochenende-2-1024x565.jpg\" alt=\"\" class=\"wp-image-4606\" width=\"651\" height=\"359\" srcset=\"https:\/\/kirche-ostenfeld.de\/wordpress\/wp-content\/uploads\/2020\/03\/Chor-Wochenende-2-1024x565.jpg 1024w, https:\/\/kirche-ostenfeld.de\/wordpress\/wp-content\/uploads\/2020\/03\/Chor-Wochenende-2-300x166.jpg 300w, https:\/\/kirche-ostenfeld.de\/wordpress\/wp-content\/uploads\/2020\/03\/Chor-Wochenende-2-768x424.jpg 768w, https:\/\/kirche-ostenfeld.de\/wordpress\/wp-content\/uploads\/2020\/03\/Chor-Wochenende-2-1536x848.jpg 1536w, https:\/\/kirche-ostenfeld.de\/wordpress\/wp-content\/uploads\/2020\/03\/Chor-Wochenende-2-2048x1131.jpg 2048w\" sizes=\"auto, (max-width: 651px) 100vw, 651px\" \/><\/figure>\n\n\n\n<p>Befl\u00fcgelt vun Gesa ehr Elan un de Erfohrungen, de de Chor a mit Chor-Weekenenn\u2018 mookt hett, mellten sick bummeli 35 Singers f\u00f6r datt Arbeits-Weekenenn vunne 8. bit ton 9. Februar in\u2018t Christian-Jensen-Kolleg in Breklum an. Ja. Arbeit schull datt wull warrn: Stimmbildung, K\u00f6rperarbeit, datt In\u00f6ben vun nie Leeder, Konzentratschon usw. Datt disse Art to Arbeiten so erbauli is, uns erfreut, unse Harten erfrischt un erholsam ween kann markten wi t\u00e4mli gau.<\/p>\n\n\n\n<!--more-->\n\n\n\n<p>\u00d6wer unse momentanen Gef\u00f6hlslaagen hemm wi uns gr\u00fcndli uttuuscht \u2013 unse pers\u00f6nlichen Befindlichkeiten kreegen Ruum. Watt f\u00f6r een Erfohrung! Een V\u00f6rstellungsrunn musste sien, wiel de Chor sick entwickelt un wasst. Wi wulln uns gern kennenlernen. In l\u00fcttje Gruppen schnackten wi mitnanner, um uns dornah in de groote Runn gegensiedig v\u00f6r to stellen. To&#8217;n Bispeel w\u00f6r een l\u00fctte Story improvisert, in de de enzelnen Personen v\u00f6rkomen. Andere br\u00f6chten een Begriff mit siss egene V\u00f6rnahm in Verbindung und weer andere leewerten Anekd\u00f6tchen bito.<\/p>\n\n\n\n<p>Wi lernten unse K\u00f6rper as een groote Ruum kennen, de an unse Huut nich oph\u00f6rt. Wie wunnerbor is doch disse V\u00f6rstellung: Een groote t\u00f6nende Fatt (Fa\u00df\/Gef\u00e4\u00df) to sien. De Singer d\u00f6rf sick gestatten, sick so veel Ruum um sick rum to nehmen un to beanspruchen, um t\u00f6nen to k\u00f6\u00f6n. T\u00f6ne, de vun unse Footspitzen bit na unse Sch\u00e4deldack gahn, de \u00f6ver unse I-Punkt in unse Sch\u00e4del de Weg na buuten finnen. Mit een beeten \u00d6bung kann man datt tats\u00e4chli marken. Irgendwie is dor een Gef\u00f6hl in ne F\u00f6\u00f6t, in ne Unnerbuuk, in ne Boss, in ne Arms un Fingerspitzen, in ne Hals un de ganze Kopp. \u201eIck bin T\u00f6ne\u201c.<br>Mit disse Technik, un nu ward dat verradet (!), noch so menni annere Techniken kamen unse T\u00f6ne nich blots in unse Ohrn, nee, uck in ne Ohrn vun unse Konzertbes\u00f6\u00f6kers un Toh\u00f6rers. Um de Verstand herum drippt datt in\u2018t Hart. Denn ber\u00f6hren wi. Denn sp\u00f6\u00f6rn wi de \u201espirits\u201c von de Gospels. D\u00f6r unse Stimmen kann Gott bi jemm ankamen. Uck bi uns Singers.<\/p>\n\n\n\n<p>An disse Stell bedanken wi uns ganz hardli bi unse Organisatschons-Team. Wi wohnten in wunnersch\u00f6ne Eenzel- un Duppelzimmer (ohne Fernseher!). <br>De Mohltieden weern, wenn wi wulln, vegan oder mit Fleesch. Normal is de vegetarische Verk\u00f6stigung. In unse Pausen geev datt S\u00fclvsbacktes mit Kaffee un Tee. Wi kunn\u2018 hier gau wedder optanken.<\/p>\n\n\n\n<p>De S\u00fcnndagmorgen fung mit een grootardige Fr\u00f6hst\u00fcck an. In de Huuseegene Kapelle geev datt een l\u00fcttje Andacht. Dornah starteten wi motiveert in unse letzte Arbeitsrunn. Unse K\u00f6rper wurr wedder bewegt in alle Richtungen, dorto unse T\u00f6nen ut unse groote \u201eFatt\u201c. <br>Sick Ruum nehmen d\u00f6rrn maakte uns datt lich, de Leeder f\u00f6r disset Wuchenenn een letzte Mull in de Welt to schicken.<\/p>\n\n\n\n<p>De Affschlussrunn weer beseelt vun Dankborkeit un de Best\u00e4rkung, mit unse Singen in unse Chor watt Wertvollet f\u00f6r de Gemeenschoop to dohn. Na datt Chor-Weekenenn is f\u00f6r datt Chor-Weekenenn. :-)<\/p>\n\n\n\n<p class=\"has-text-align-right\">Elke Frank<\/p>\n","protected":false},"excerpt":{"rendered":"<p>Befl\u00fcgelt vun Gesa ehr Elan un de Erfohrungen, de de Chor a mit Chor-Weekenenn\u2018 mookt hett, mellten sick bummeli 35 Singers f\u00f6r datt Arbeits-Weekenenn vunne 8. bit ton 9. Februar in\u2018t Christian-Jensen-Kolleg in Breklum an. Ja. Arbeit schull datt wull &hellip; <a href=\"https:\/\/kirche-ostenfeld.de\/wordpress\/archives\/4610\">Weiterlesen <span class=\"meta-nav\">&rarr;<\/span><\/a><\/p>\n","protected":false},"author":2,"featured_media":0,"comment_status":"closed","ping_status":"closed","sticky":false,"template":"","format":"standard","meta":{"footnotes":""},"categories":[1],"tags":[6],"class_list":["post-4610","post","type-post","status-publish","format-standard","hentry","category-allgemein","tag-musik"],"_links":{"self":[{"href":"https:\/\/kirche-ostenfeld.de\/wordpress\/wp-json\/wp\/v2\/posts\/4610","targetHints":{"allow":["GET"]}}],"collection":[{"href":"https:\/\/kirche-ostenfeld.de\/wordpress\/wp-json\/wp\/v2\/posts"}],"about":[{"href":"https:\/\/kirche-ostenfeld.de\/wordpress\/wp-json\/wp\/v2\/types\/post"}],"author":[{"embeddable":true,"href":"https:\/\/kirche-ostenfeld.de\/wordpress\/wp-json\/wp\/v2\/users\/2"}],"replies":[{"embeddable":true,"href":"https:\/\/kirche-ostenfeld.de\/wordpress\/wp-json\/wp\/v2\/comments?post=4610"}],"version-history":[{"count":3,"href":"https:\/\/kirche-ostenfeld.de\/wordpress\/wp-json\/wp\/v2\/posts\/4610\/revisions"}],"predecessor-version":[{"id":4613,"href":"https:\/\/kirche-ostenfeld.de\/wordpress\/wp-json\/wp\/v2\/posts\/4610\/revisions\/4613"}],"wp:attachment":[{"href":"https:\/\/kirche-ostenfeld.de\/wordpress\/wp-json\/wp\/v2\/media?parent=4610"}],"wp:term":[{"taxonomy":"category","embeddable":true,"href":"https:\/\/kirche-ostenfeld.de\/wordpress\/wp-json\/wp\/v2\/categories?post=4610"},{"taxonomy":"post_tag","embeddable":true,"href":"https:\/\/kirche-ostenfeld.de\/wordpress\/wp-json\/wp\/v2\/tags?post=4610"}],"curies":[{"name":"wp","href":"https:\/\/api.w.org\/{rel}","templated":true}]}}