{"id":4604,"date":"2020-03-28T15:09:00","date_gmt":"2020-03-28T14:09:00","guid":{"rendered":"http:\/\/kirche-ostenfeld.de\/wordpress\/?p=4604"},"modified":"2020-04-04T09:39:12","modified_gmt":"2020-04-04T08:39:12","slug":"befluegelt-das-wochenende-der-church-bizkits","status":"publish","type":"post","link":"https:\/\/kirche-ostenfeld.de\/wordpress\/archives\/4604","title":{"rendered":"Befl\u00fcgelt. Das Wochenende der Church Bizkits"},"content":{"rendered":"\n<p><em>Und hier geht es zur hochdeutschen Version des Berichts &#8230;<\/em><\/p>\n\n\n\n<!--more-->\n\n\n\n<figure class=\"wp-block-image size-large is-resized\"><img loading=\"lazy\" decoding=\"async\" src=\"https:\/\/kirche-ostenfeld.de\/wordpress\/wp-content\/uploads\/2020\/03\/Chor-Wochenende-2-1024x565.jpg\" alt=\"\" class=\"wp-image-4606\" width=\"654\" height=\"361\" srcset=\"https:\/\/kirche-ostenfeld.de\/wordpress\/wp-content\/uploads\/2020\/03\/Chor-Wochenende-2-1024x565.jpg 1024w, https:\/\/kirche-ostenfeld.de\/wordpress\/wp-content\/uploads\/2020\/03\/Chor-Wochenende-2-300x166.jpg 300w, https:\/\/kirche-ostenfeld.de\/wordpress\/wp-content\/uploads\/2020\/03\/Chor-Wochenende-2-768x424.jpg 768w, https:\/\/kirche-ostenfeld.de\/wordpress\/wp-content\/uploads\/2020\/03\/Chor-Wochenende-2-1536x848.jpg 1536w, https:\/\/kirche-ostenfeld.de\/wordpress\/wp-content\/uploads\/2020\/03\/Chor-Wochenende-2-2048x1131.jpg 2048w\" sizes=\"auto, (max-width: 654px) 100vw, 654px\" \/><\/figure>\n\n\n\n<p>Befl\u00fcgelt von Gesas Elan und den Erfahrungen vorangegangener Chor-Wochenenden meldeten sich 35 S\u00e4ngerinnen und S\u00e4nger f\u00fcr dieses Arbeits-Wochenende vom 8. bis 9. Februar im Christian-Jensen-Kolleg in Breklum an. Ja. Arbeit sollte es wohl sein: Stimmbildung, K\u00f6rperarbeit, das Einstudieren neuer Lieder, Konzentration usw. Dass diese Art zu arbeiten so erbaulich, erfreuend, Herz erfrischend und erholsam sein konnte, erkannten wir ziemlich schnell.<\/p>\n\n\n\n<p>Befindlichkeiten wurden gr\u00fcndlich ausgetauscht \u2013 unseren pers\u00f6nlichen Befindlichkeiten wurde Raum gegeben. Was f\u00fcr eine Erfahrung! Eine Vorstellungsrunde musste sein, weil der Chor sich entwickelt und w\u00e4chst. Wir wollten uns gerne kennenlernen. In kleinen Gruppen schnackten wir miteinander, um uns danach im gro\u00dfen Rund gegenseitig vorzustellen. Zum Beispiel wurde eine kleine Story improvisiert, in der die einzelnen Personen vorkamen. Andere brachten einen Begriff mit ihrem Vornamen in Verbindung. Wieder andere lieferten Anekd\u00f6tchen.<\/p>\n\n\n\n<p>Wir lernten unseren K\u00f6rper als gro\u00dfen Raum kennen, der an unserer Haut nicht aufh\u00f6rt. Wie wunderbar diese Vorstellung: Ein gro\u00dfes t\u00f6nendes Gef\u00e4\u00df zu sein. Der S\u00e4nger und die S\u00e4ngerin d\u00fcrfen sich gestatten, so viel Raum um sich herum zu beanspruchen bzw. sich zu nehmen, um t\u00f6nen zu k\u00f6nnen. T\u00f6ne, die von den Fu\u00dfspitzen bis zum Sch\u00e4del gehen, die \u00fcber den i-Punkt im Sch\u00e4del den Weg ins Au\u00dfen finden. Mit ein bisschen \u00dcbung ist es tats\u00e4chlich sp\u00fcrbar. Irgendwie ist da ein Gef\u00fchl in den F\u00fc\u00dfen, im Unterbauch, in der Brust, in den Armen und Fingerspitzen, im Hals und im ganzen Kopf. \u201eIch bin T\u00f6ne\u201c.<br>Mit dieser Technik und, jetzt wird es verraten (!), noch weiteren Techniken erreichen wir weit mehr als nur unser Ohr bzw. das Ohr unserer Konzertbesucher. Wir treffen um den Verstand herum ins Herz. Dann ber\u00fchren wir. Dann wird der \u201eSpirit\u201c der Gospels sp\u00fcrbar. Dann erreicht Gott durch unsere Stimmen euch! Und die Singenden!<\/p>\n\n\n\n<p>Dem Organisationsteam f\u00fcr dieses Chor-Wochenende sei an dieser Stelle ganz herzlich gedankt. Es standen herrlich moderne Einzel- und Doppelzimmer (ohne Fernseher!) zur Verf\u00fcgung. Die Mahlzeiten waren, wenn wir wollten, vegan oder mit Fleisch. Die grunds\u00e4tzliche Verk\u00f6stigung war vegetarisch. Die Pausen-Snacks mit Hausgebackenem, Kaffee und Tee frischten unsere Kr\u00e4fte wieder auf.<\/p>\n\n\n\n<p>Der Sonntagmorgen startete mit einem ausgiebigen Fr\u00fchst\u00fcck. Eine Andacht in der Hauseigenen Kapelle lie\u00df uns motiviert, teilweise ber\u00fchrt, in die letzte Runde unseres Chor-Wochenendes starten. K\u00f6rper\u00fcbungen mit gro\u00dfen und kleinen Bewegungen, dazu unser T\u00f6nen aus unseren gro\u00dfen \u201eGef\u00e4\u00dfen\u201c mit ganz viel Raum machten es uns leicht, zum Abschluss die erlernten Lieder nochmals in die Welt zu schicken.<\/p>\n\n\n\n<p>Die Abschlussrunde war beseelt von Dankbarkeit und der Best\u00e4rkung, mit dem Singen in diesem Chor etwas Wertvolles f\u00fcr die Gemeinschaft zu tun. Nach dem Chor-Wochenende ist vor dem Chor-Wochenende. :-)<\/p>\n\n\n\n<p class=\"has-text-align-right\">Elke Frank<\/p>\n","protected":false},"excerpt":{"rendered":"<p>Und hier geht es zur hochdeutschen Version des Berichts &#8230;<\/p>\n","protected":false},"author":2,"featured_media":0,"comment_status":"closed","ping_status":"closed","sticky":false,"template":"","format":"standard","meta":{"footnotes":""},"categories":[1],"tags":[6],"class_list":["post-4604","post","type-post","status-publish","format-standard","hentry","category-allgemein","tag-musik"],"_links":{"self":[{"href":"https:\/\/kirche-ostenfeld.de\/wordpress\/wp-json\/wp\/v2\/posts\/4604","targetHints":{"allow":["GET"]}}],"collection":[{"href":"https:\/\/kirche-ostenfeld.de\/wordpress\/wp-json\/wp\/v2\/posts"}],"about":[{"href":"https:\/\/kirche-ostenfeld.de\/wordpress\/wp-json\/wp\/v2\/types\/post"}],"author":[{"embeddable":true,"href":"https:\/\/kirche-ostenfeld.de\/wordpress\/wp-json\/wp\/v2\/users\/2"}],"replies":[{"embeddable":true,"href":"https:\/\/kirche-ostenfeld.de\/wordpress\/wp-json\/wp\/v2\/comments?post=4604"}],"version-history":[{"count":5,"href":"https:\/\/kirche-ostenfeld.de\/wordpress\/wp-json\/wp\/v2\/posts\/4604\/revisions"}],"predecessor-version":[{"id":4615,"href":"https:\/\/kirche-ostenfeld.de\/wordpress\/wp-json\/wp\/v2\/posts\/4604\/revisions\/4615"}],"wp:attachment":[{"href":"https:\/\/kirche-ostenfeld.de\/wordpress\/wp-json\/wp\/v2\/media?parent=4604"}],"wp:term":[{"taxonomy":"category","embeddable":true,"href":"https:\/\/kirche-ostenfeld.de\/wordpress\/wp-json\/wp\/v2\/categories?post=4604"},{"taxonomy":"post_tag","embeddable":true,"href":"https:\/\/kirche-ostenfeld.de\/wordpress\/wp-json\/wp\/v2\/tags?post=4604"}],"curies":[{"name":"wp","href":"https:\/\/api.w.org\/{rel}","templated":true}]}}