{"id":4381,"date":"2019-12-27T15:54:00","date_gmt":"2019-12-27T14:54:00","guid":{"rendered":"http:\/\/kirche-ostenfeld.de\/wordpress\/?p=4381"},"modified":"2020-01-14T15:55:58","modified_gmt":"2020-01-14T14:55:58","slug":"gemeindeversammlung","status":"publish","type":"post","link":"https:\/\/kirche-ostenfeld.de\/wordpress\/archives\/4381","title":{"rendered":"Gemeindeversammlung"},"content":{"rendered":"\n<p>Sie sind herzlich eingeladen zu unserem Gottesdienst am 22.&nbsp;M\u00e4rz um 9.30 Uhr und bei der sich anschlie\u00dfenden Gemeindeversammlung im Gemeindehaus zu einem gem\u00fctlichen Beisammensein mit Kaffee und Tee. Wir freuen uns sehr darauf, mit Ihnen ins Gespr\u00e4ch zu kommen. Nutzen Sie die Gelegenheit und stellen Sie Fragen, teilen uns Ihre Ideen oder W\u00fcnsche mit \u2013 damit wir eine lebendige Kirchengemeinde gestalten k\u00f6nnen. Gern d\u00fcrfen Sie auch schon im Vorwege den Kontakt \u00fcber das Kirchenb\u00fcro suchen und Ihre Fragen, Themen, W\u00fcnsche und Ideen mitteilen. Wir freuen uns auf Sie!<\/p>\n\n\n\n<p class=\"has-text-align-right\">Herzlichst,<br>Ihr Kirchengemeinderat<\/p>\n","protected":false},"excerpt":{"rendered":"<p>Sie sind herzlich eingeladen zu unserem Gottesdienst am 22.&nbsp;M\u00e4rz um 9.30 Uhr und bei der sich anschlie\u00dfenden Gemeindeversammlung im Gemeindehaus zu einem gem\u00fctlichen Beisammensein mit Kaffee und Tee. Wir freuen uns sehr darauf, mit Ihnen ins Gespr\u00e4ch zu kommen. Nutzen &hellip; <a href=\"https:\/\/kirche-ostenfeld.de\/wordpress\/archives\/4381\">Weiterlesen <span class=\"meta-nav\">&rarr;<\/span><\/a><\/p>\n","protected":false},"author":2,"featured_media":0,"comment_status":"closed","ping_status":"closed","sticky":false,"template":"","format":"standard","meta":{"footnotes":""},"categories":[1],"tags":[],"class_list":["post-4381","post","type-post","status-publish","format-standard","hentry","category-allgemein"],"_links":{"self":[{"href":"https:\/\/kirche-ostenfeld.de\/wordpress\/wp-json\/wp\/v2\/posts\/4381","targetHints":{"allow":["GET"]}}],"collection":[{"href":"https:\/\/kirche-ostenfeld.de\/wordpress\/wp-json\/wp\/v2\/posts"}],"about":[{"href":"https:\/\/kirche-ostenfeld.de\/wordpress\/wp-json\/wp\/v2\/types\/post"}],"author":[{"embeddable":true,"href":"https:\/\/kirche-ostenfeld.de\/wordpress\/wp-json\/wp\/v2\/users\/2"}],"replies":[{"embeddable":true,"href":"https:\/\/kirche-ostenfeld.de\/wordpress\/wp-json\/wp\/v2\/comments?post=4381"}],"version-history":[{"count":1,"href":"https:\/\/kirche-ostenfeld.de\/wordpress\/wp-json\/wp\/v2\/posts\/4381\/revisions"}],"predecessor-version":[{"id":4382,"href":"https:\/\/kirche-ostenfeld.de\/wordpress\/wp-json\/wp\/v2\/posts\/4381\/revisions\/4382"}],"wp:attachment":[{"href":"https:\/\/kirche-ostenfeld.de\/wordpress\/wp-json\/wp\/v2\/media?parent=4381"}],"wp:term":[{"taxonomy":"category","embeddable":true,"href":"https:\/\/kirche-ostenfeld.de\/wordpress\/wp-json\/wp\/v2\/categories?post=4381"},{"taxonomy":"post_tag","embeddable":true,"href":"https:\/\/kirche-ostenfeld.de\/wordpress\/wp-json\/wp\/v2\/tags?post=4381"}],"curies":[{"name":"wp","href":"https:\/\/api.w.org\/{rel}","templated":true}]}}