{"id":4087,"date":"2019-12-02T23:05:32","date_gmt":"2019-12-02T22:05:32","guid":{"rendered":"http:\/\/kirche-ostenfeld.de\/wordpress\/?p=4087"},"modified":"2019-12-16T09:50:57","modified_gmt":"2019-12-16T08:50:57","slug":"orgel-%c2%b7-musik-%c2%b7-vielfalt","status":"publish","type":"post","link":"https:\/\/kirche-ostenfeld.de\/wordpress\/archives\/4087","title":{"rendered":"Orgel \u00b7 Musik \u00b7 Vielfalt"},"content":{"rendered":"<p><a class=\"hoverZoomLink\" href=\"https:\/\/kirche-ostenfeld.de\/wordpress\/wp-content\/uploads\/2019\/12\/OMVi-Plakat.jpg\"><img loading=\"lazy\" decoding=\"async\" class=\"alignleft size-medium wp-image-4089 hoverZoomLink\" src=\"https:\/\/kirche-ostenfeld.de\/wordpress\/wp-content\/uploads\/2019\/12\/OMVi-Plakat-214x300.jpg\" alt=\"\" width=\"214\" height=\"300\" srcset=\"https:\/\/kirche-ostenfeld.de\/wordpress\/wp-content\/uploads\/2019\/12\/OMVi-Plakat-214x300.jpg 214w, https:\/\/kirche-ostenfeld.de\/wordpress\/wp-content\/uploads\/2019\/12\/OMVi-Plakat-768x1077.jpg 768w, https:\/\/kirche-ostenfeld.de\/wordpress\/wp-content\/uploads\/2019\/12\/OMVi-Plakat-730x1024.jpg 730w\" sizes=\"auto, (max-width: 214px) 100vw, 214px\" \/><\/a>Im letzten Jahr spielte Prof. Wolfgang Zerer das Einweihungskonzert auf der Boye-Lorenzen-Orgel. Aus diesem Kontakt hat sich ein Folgekonzert ergeben: drei hochbegabte junge Organist-Innen, die in Hamburg bei ihm\u00a0 an der Hochschule f\u00fcr Musik und Theater (HfMT) studieren, werden in Ostenfeld ihr K\u00f6nnen in einem vielf\u00e4ltigen und abwechslungsreichen Orgel(n!)konzert pr\u00e4sentieren. Sie werden unter anderem Werke von Georg Muffat (Toccata), Dieterich Buxtehude (Praeludium), Johann Sebastian Bach (Pastorella) und Franz Liszt (B-A-C-H) spielen. Man darf gespannt sein!<\/p>\n<p><!--more--><\/p>\n<hr \/>\n<p><i><a class=\"hoverZoomLink\" href=\"https:\/\/kirche-ostenfeld.de\/wordpress\/wp-content\/uploads\/2019\/12\/Oganesian-Sofiia.jpg\"><img loading=\"lazy\" decoding=\"async\" class=\"alignleft size-thumbnail wp-image-4091 hoverZoomLink\" src=\"https:\/\/kirche-ostenfeld.de\/wordpress\/wp-content\/uploads\/2019\/12\/Oganesian-Sofiia-150x150.jpg\" alt=\"\" width=\"150\" height=\"150\" \/><\/a>Sofiia Oganesian <\/i>wurde 1999 in Tscherkassy, Ukraine, geboren. Im Alter von f\u00fcnf Jahren begann sie Klavier und Gesang zu lernen. Von 2014 bis 2018 studierte sie Klavier in Kiew, Abschluss mit Auszeichnung. Ab 2017 lernte Sofiia Orgel bei Prof. Olga Dmytrenko. 2018 studierte sie Klavier und Cembalo an der Musikakademie in Kiew. Seit 2019 ist sie in Hamburg.<\/p>\n<hr \/>\n<p style=\"text-align: right;\"><i><a class=\"hoverZoomLink\" href=\"https:\/\/kirche-ostenfeld.de\/wordpress\/wp-content\/uploads\/2019\/12\/Kim-Jihyun.jpg\"><img loading=\"lazy\" decoding=\"async\" class=\"alignright size-thumbnail wp-image-4090 hoverZoomLink\" src=\"https:\/\/kirche-ostenfeld.de\/wordpress\/wp-content\/uploads\/2019\/12\/Kim-Jihyun-150x150.jpg\" alt=\"\" width=\"150\" height=\"150\" \/><\/a>Jihyun Kim <\/i>wurde 1988 in Bucheon, S\u00fcdkorea, geboren. Sie studierte Kirchenmusik und Orgel an der Seoul Theological University und der Korean National University of Arts in S\u00fcdkorea sowie an der Hochschule f\u00fcr Musik und Theater in Leipzig. Jihyun Kim studiert seit 2019 in Hamburg.<\/p>\n<hr \/>\n<p><i><a class=\"hoverZoomLink\" href=\"https:\/\/kirche-ostenfeld.de\/wordpress\/wp-content\/uploads\/2019\/12\/Torres-Afonso.jpeg\"><img loading=\"lazy\" decoding=\"async\" class=\"size-thumbnail wp-image-4092 hoverZoomLink alignleft\" src=\"https:\/\/kirche-ostenfeld.de\/wordpress\/wp-content\/uploads\/2019\/12\/Torres-Afonso-150x150.jpeg\" alt=\"\" width=\"150\" height=\"150\" \/><\/a>Afonso Torres <\/i>wurde 2000 in Paredes, Portugal, geboren, wo er seinen ersten Musikunterricht nahm. Er begann mit Klarinette und Klavier, nahm sp\u00e4ter Orgel dazu. 2015 wurde er am Konservatorium in Porto zugelassen und studierte dort Orgel, seit 2018 studiert er in Hamburg.<\/p>\n<hr \/>\n<p><strong>8. Dezember, 17 Uhr<\/strong>, Kirche<br \/>\nEintritt 10 \u20ac an der Abendkasse (U18: 5 \u20ac), freie Platzwahl. Nachklang bei Wasser und Wein. An diesem Abend wird auch das <strong>Jahresprogramm MiO 2020<\/strong> bekannt gegeben!<\/p>\n<div id=\"hzImg\" style=\"border: 1px solid #ffffff; line-height: 0; overflow: hidden; padding: 2px; margin: 0px; position: fixed; z-index: 2147483647; border-radius: 3px; box-shadow: rgba(0, 0, 0, 0.33) 3px 3px 9px 5px; opacity: 1; top: 518.5px; left: 699px; background-color: #ffffff; display: none;\"><\/div>\n","protected":false},"excerpt":{"rendered":"<p>Im letzten Jahr spielte Prof. Wolfgang Zerer das Einweihungskonzert auf der Boye-Lorenzen-Orgel. Aus diesem Kontakt hat sich ein Folgekonzert ergeben: drei hochbegabte junge Organist-Innen, die in Hamburg bei ihm\u00a0 an der Hochschule f\u00fcr Musik und Theater (HfMT) studieren, werden in &hellip; <a href=\"https:\/\/kirche-ostenfeld.de\/wordpress\/archives\/4087\">Weiterlesen <span class=\"meta-nav\">&rarr;<\/span><\/a><\/p>\n","protected":false},"author":2,"featured_media":0,"comment_status":"closed","ping_status":"closed","sticky":false,"template":"","format":"standard","meta":{"footnotes":""},"categories":[1],"tags":[12,11,6],"class_list":["post-4087","post","type-post","status-publish","format-standard","hentry","category-allgemein","tag-angebote","tag-kirche","tag-musik"],"_links":{"self":[{"href":"https:\/\/kirche-ostenfeld.de\/wordpress\/wp-json\/wp\/v2\/posts\/4087","targetHints":{"allow":["GET"]}}],"collection":[{"href":"https:\/\/kirche-ostenfeld.de\/wordpress\/wp-json\/wp\/v2\/posts"}],"about":[{"href":"https:\/\/kirche-ostenfeld.de\/wordpress\/wp-json\/wp\/v2\/types\/post"}],"author":[{"embeddable":true,"href":"https:\/\/kirche-ostenfeld.de\/wordpress\/wp-json\/wp\/v2\/users\/2"}],"replies":[{"embeddable":true,"href":"https:\/\/kirche-ostenfeld.de\/wordpress\/wp-json\/wp\/v2\/comments?post=4087"}],"version-history":[{"count":5,"href":"https:\/\/kirche-ostenfeld.de\/wordpress\/wp-json\/wp\/v2\/posts\/4087\/revisions"}],"predecessor-version":[{"id":4097,"href":"https:\/\/kirche-ostenfeld.de\/wordpress\/wp-json\/wp\/v2\/posts\/4087\/revisions\/4097"}],"wp:attachment":[{"href":"https:\/\/kirche-ostenfeld.de\/wordpress\/wp-json\/wp\/v2\/media?parent=4087"}],"wp:term":[{"taxonomy":"category","embeddable":true,"href":"https:\/\/kirche-ostenfeld.de\/wordpress\/wp-json\/wp\/v2\/categories?post=4087"},{"taxonomy":"post_tag","embeddable":true,"href":"https:\/\/kirche-ostenfeld.de\/wordpress\/wp-json\/wp\/v2\/tags?post=4087"}],"curies":[{"name":"wp","href":"https:\/\/api.w.org\/{rel}","templated":true}]}}