{"id":3951,"date":"2019-09-26T11:35:00","date_gmt":"2019-09-26T10:35:00","guid":{"rendered":"http:\/\/kirche-ostenfeld.de\/wordpress\/?p=3951"},"modified":"2021-05-25T10:34:17","modified_gmt":"2021-05-25T09:34:17","slug":"veraenderungen-im-ruheforst","status":"publish","type":"post","link":"https:\/\/kirche-ostenfeld.de\/wordpress\/archives\/3951","title":{"rendered":"Ver\u00e4nderungen im RuheForst"},"content":{"rendered":"<p><a class=\"hoverZoomLink\" href=\"https:\/\/kirche-ostenfeld.de\/wordpress\/wp-content\/uploads\/2012\/01\/Ruheforst_1.jpg\"><img loading=\"lazy\" decoding=\"async\" class=\"alignleft size-medium wp-image-225 hoverZoomLink\" src=\"https:\/\/kirche-ostenfeld.de\/wordpress\/wp-content\/uploads\/2012\/01\/Ruheforst_1-300x225.jpg\" alt=\"\" width=\"300\" height=\"225\" srcset=\"https:\/\/kirche-ostenfeld.de\/wordpress\/wp-content\/uploads\/2012\/01\/Ruheforst_1-300x225.jpg 300w, https:\/\/kirche-ostenfeld.de\/wordpress\/wp-content\/uploads\/2012\/01\/Ruheforst_1.jpg 640w\" sizes=\"auto, (max-width: 300px) 100vw, 300px\" \/><\/a>Leider wird es in der n\u00e4chsten Zeit zu einigen gravierenden Ver\u00e4nderungen im RuheForst kommen. Eine wird das Befahren des Waldes betreffen. Dazu zun\u00e4chst etwas Grunds\u00e4tzliches: Das Befahren von W\u00e4ldern, insbesondere von FFH-Schutzgebieten, ist verboten. Die Kirchengemeinde Ostenfeld hat sich in der Vergangenheit jedoch teilweise \u00fcber dieses Verbot hinweggesetzt und das Befahren teilweise erlaubt, um auch den Besuchern des RuheForstes den Zugang zu erm\u00f6glichen, die nicht gut zu Fu\u00df sind. Doch leider ist dieses Entgegenkommen in letzter Zeit deutlich \u00fcberstrapaziert worden. <!--more-->Es kam vermehrt zu Beschwerden von Fu\u00dfg\u00e4ngern im Wald und insbesondere auch von den Mitarbeiterinnen der Wald-KiTa, dass der Verkehr im Wald doch in einem erheblichen Ma\u00dfe zugenommen hat und teilweise recht r\u00fccksichtslos gefahren wird. Gerade f\u00fcr die im Wald spielenden Kinder kamen hohe Sicherheitsbedenken auf. Aus diesem Grund sieht sich die Kirchengemeinde Ostenfeld nun gezwungen, das Fahrverbot im Wald konsequent durchzusetzen und die Tore an den Zug\u00e4ngen zu verschlie\u00dfen. Lediglich bei Trauerfeiern und Beisetzungen im RuheForst wird es den Trauergesellschaften gestattet sein, bis in den Wald zu fahren.<\/p>\n<p>Eine weitere Ver\u00e4nderung ist im Grunde gar keine: Der RuheForst ist kein Friedhof im herk\u00f6mmlichen Sinne, sondern in erster Linie ein Wald, der naturbelassen bleiben soll. Daher ist das Ablegen und Anbringen von Blumen und Grabschmuck jeglicher Art an und unter den B\u00e4umen verboten, vor allem zum Schutz der im Wald lebenden Wildtiere. Gleiches gilt f\u00fcr das Anbringen von eigenen Gedenktafeln oder Plaketten. Es sind lediglich die Plaketten erlaubt, die Sie \u00fcber die Friedhofsverwaltung der Kirchengemeinde bzw. \u00fcber das Friedhofswerk bestellen k\u00f6nnen. K\u00fcnftig werden unsere Mitarbeiter vermehrt auf die Einhaltung achten und Blumen- und Grabschmuck sowie selbst angebrachte Plaketten entfernen und entsorgen. Wir behalten uns vor, dies dann den Nutzungsberechtigten in Rechnung zu stellen.<\/p>\n<p>Blumenschmuck wie Urnenkr\u00e4nze etc., die zu den Beisetzungen abgelegt werden, bleiben davon unber\u00fchrt und werden nach wie vor f\u00fcr einige Tage an der Grabstelle belassen und dann durch unser Personal entfernt.<\/p>\n","protected":false},"excerpt":{"rendered":"<p>Leider wird es in der n\u00e4chsten Zeit zu einigen gravierenden Ver\u00e4nderungen im RuheForst kommen. Eine wird das Befahren des Waldes betreffen. Dazu zun\u00e4chst etwas Grunds\u00e4tzliches: Das Befahren von W\u00e4ldern, insbesondere von FFH-Schutzgebieten, ist verboten. Die Kirchengemeinde Ostenfeld hat sich in &hellip; <a href=\"https:\/\/kirche-ostenfeld.de\/wordpress\/archives\/3951\">Weiterlesen <span class=\"meta-nav\">&rarr;<\/span><\/a><\/p>\n","protected":false},"author":2,"featured_media":0,"comment_status":"closed","ping_status":"closed","sticky":false,"template":"","format":"standard","meta":{"footnotes":""},"categories":[1],"tags":[20,26,11,40],"class_list":["post-3951","post","type-post","status-publish","format-standard","hentry","category-allgemein","tag-draussen","tag-glauben","tag-kirche","tag-ruheforst"],"_links":{"self":[{"href":"https:\/\/kirche-ostenfeld.de\/wordpress\/wp-json\/wp\/v2\/posts\/3951","targetHints":{"allow":["GET"]}}],"collection":[{"href":"https:\/\/kirche-ostenfeld.de\/wordpress\/wp-json\/wp\/v2\/posts"}],"about":[{"href":"https:\/\/kirche-ostenfeld.de\/wordpress\/wp-json\/wp\/v2\/types\/post"}],"author":[{"embeddable":true,"href":"https:\/\/kirche-ostenfeld.de\/wordpress\/wp-json\/wp\/v2\/users\/2"}],"replies":[{"embeddable":true,"href":"https:\/\/kirche-ostenfeld.de\/wordpress\/wp-json\/wp\/v2\/comments?post=3951"}],"version-history":[{"count":4,"href":"https:\/\/kirche-ostenfeld.de\/wordpress\/wp-json\/wp\/v2\/posts\/3951\/revisions"}],"predecessor-version":[{"id":4339,"href":"https:\/\/kirche-ostenfeld.de\/wordpress\/wp-json\/wp\/v2\/posts\/3951\/revisions\/4339"}],"wp:attachment":[{"href":"https:\/\/kirche-ostenfeld.de\/wordpress\/wp-json\/wp\/v2\/media?parent=3951"}],"wp:term":[{"taxonomy":"category","embeddable":true,"href":"https:\/\/kirche-ostenfeld.de\/wordpress\/wp-json\/wp\/v2\/categories?post=3951"},{"taxonomy":"post_tag","embeddable":true,"href":"https:\/\/kirche-ostenfeld.de\/wordpress\/wp-json\/wp\/v2\/tags?post=3951"}],"curies":[{"name":"wp","href":"https:\/\/api.w.org\/{rel}","templated":true}]}}