{"id":3868,"date":"2019-08-20T07:16:15","date_gmt":"2019-08-20T06:16:15","guid":{"rendered":"http:\/\/kirche-ostenfeld.de\/wordpress\/?p=3868"},"modified":"2019-08-20T07:31:36","modified_gmt":"2019-08-20T06:31:36","slug":"musikalischer-gottesdienst-3","status":"publish","type":"post","link":"https:\/\/kirche-ostenfeld.de\/wordpress\/archives\/3868","title":{"rendered":"Musikalischer Gottesdienst"},"content":{"rendered":"<p><a class=\"hoverZoomLink\" href=\"https:\/\/kirche-ostenfeld.de\/wordpress\/wp-content\/uploads\/2019\/08\/Rosalie-Ueth.jpg\"><img loading=\"lazy\" decoding=\"async\" class=\"size-medium wp-image-3875 hoverZoomLink alignleft\" src=\"https:\/\/kirche-ostenfeld.de\/wordpress\/wp-content\/uploads\/2019\/08\/Rosalie-Ueth-225x300.jpg\" alt=\"\" width=\"225\" height=\"300\" srcset=\"https:\/\/kirche-ostenfeld.de\/wordpress\/wp-content\/uploads\/2019\/08\/Rosalie-Ueth-225x300.jpg 225w, https:\/\/kirche-ostenfeld.de\/wordpress\/wp-content\/uploads\/2019\/08\/Rosalie-Ueth.jpg 741w\" sizes=\"auto, (max-width: 225px) 100vw, 225px\" \/><\/a><a class=\"hoverZoomLink\" href=\"https:\/\/kirche-ostenfeld.de\/wordpress\/wp-content\/uploads\/2019\/08\/Malte-Wienhues-cut.jpg\"><img loading=\"lazy\" decoding=\"async\" class=\"size-medium wp-image-3869 hoverZoomLink alignnone\" src=\"https:\/\/kirche-ostenfeld.de\/wordpress\/wp-content\/uploads\/2019\/08\/Malte-Wienhues-cut-225x300.jpg\" alt=\"\" width=\"225\" height=\"300\" srcset=\"https:\/\/kirche-ostenfeld.de\/wordpress\/wp-content\/uploads\/2019\/08\/Malte-Wienhues-cut-225x300.jpg 225w, https:\/\/kirche-ostenfeld.de\/wordpress\/wp-content\/uploads\/2019\/08\/Malte-Wienhues-cut-768x1024.jpg 768w, https:\/\/kirche-ostenfeld.de\/wordpress\/wp-content\/uploads\/2019\/08\/Malte-Wienhues-cut.jpg 1224w\" sizes=\"auto, (max-width: 225px) 100vw, 225px\" \/><\/a><\/p>\n<p>Israel, unser Verh\u00e4ltnis zu Israel und die Zerst\u00f6rung des Tempels in Jerusalem \u2013 das sind die Themen des 10. Sonntags nach Trinitas. Unser dritter musikalischer Gottesdienst in diesem Jahr (am 25. August) wird von NachwuchsmusikerInnen aus Nordfriesland gestaltet: Rosalie Ueth (Sopran) und Malte Wienhues (Orgel). Sie musizieren auf beiden Orgeln unter anderem Werke von Felix Mendelssohn-Bartholdy: Die ber\u00fchmte Arie Jerusalem aus seinem gro\u00dfen und beliebten Oratorium \u201ePaulus\u201c. <!--more--><\/p>\n<p><em>Rosalie Avola Ueth <\/em>wurde 1998 in Husum geboren und besuchte den musikalischen Zweig der A. P. M\u00f8ller-Skole in Schleswig, wo sie 2018 ihr Abitur absolvierte. Sie ist Bundespreistr\u00e4gerin bei \u201eJugend musiziert\u201c im Fach klassische Gitarre und verf\u00fcgt durch Wettbewerbe, Musiktheaterauff\u00fchrungen, Solo- und Chorkonzerte auch gesanglich \u00fcber viel Erfahrung. Lange Zeit sang sie im Kleinen Chor Husum unter der Leitung von Susanne B\u00f6hm. Seit Sommer 2018 wohnt sie in \u00c5rhus und studiert dort Musikwissenschaften.<\/p>\n<p style=\"text-align: left;\"><em>Malte Wienhues<\/em>, geboren 1998 in Husum, besuchte die Theodor-Storm-Schule Husum (Abitur 2016). Dort sammelte er im Musikzweig Erfahrungen im Korrepetieren und Chorleiten. Er ist Leiter und Gr\u00fcnder mehrerer Ch\u00f6re, unter anderen den aus erfahrenen Chors\u00e4ngern bestehenden Nicolaus-Bruhns-Chor.<br \/>\nNeben vielen Orgeldiensten und Orgelkonzerten auch \u00fcber Nordfriesland hinaus sammelte er Erfahrung im Begleiten von Solisten und Ch\u00f6ren (z. B. Propsteikantatenchor Eiderstedt). Nach seinem Erststudium der Meteorologie und einer umfassenden Grundausbildung durch Kreiskantor Christian Hoffmann (T\u00f6nning) studiert er seit April 2019 an der Musikhochschule L\u00fcbeck Kirchenmusik (Sergej Tcherepanov, Johannes Unger).<\/p>\n<p>Der Gottesdienst am <em>25. August<\/em> beginnt um 17 Uhr.<\/p>\n<p>&nbsp;<\/p>\n<div id=\"hzImg\" style=\"border: 1px solid #ffffff; line-height: 0; overflow: hidden; padding: 2px; margin: 0px; position: fixed; z-index: 2147483647; border-radius: 3px; box-shadow: rgba(0, 0, 0, 0.33) 3px 3px 9px 5px; opacity: 1; top: 12.5px; left: 143.06px; background-color: #ffffff; cursor: pointer; pointer-events: none; display: none;\"><\/div>\n<div id=\"hzImg\" style=\"border: 1px solid #ffffff; line-height: 0; overflow: hidden; padding: 2px; margin: 0px; position: fixed; z-index: 2147483647; border-radius: 3px; box-shadow: rgba(0, 0, 0, 0.33) 3px 3px 9px 5px; opacity: 1; top: 12.5px; left: 405.75px; background-color: #ffffff; cursor: pointer; pointer-events: none; display: none;\"><\/div>\n<div id=\"hzImg\" style=\"border: 1px solid #ffffff; line-height: 0; overflow: hidden; padding: 2px; margin: 0px; position: fixed; z-index: 2147483647; border-radius: 3px; box-shadow: rgba(0, 0, 0, 0.33) 3px 3px 9px 5px; opacity: 1; top: 12.5px; left: 346.875px; background-color: #ffffff; cursor: pointer; pointer-events: none; display: none;\"><\/div>\n<div id=\"hzImg\" style=\"border: 1px solid #ffffff; line-height: 0; overflow: hidden; padding: 2px; margin: 0px; position: fixed; z-index: 2147483647; border-radius: 3px; box-shadow: rgba(0, 0, 0, 0.33) 3px 3px 9px 5px; opacity: 1; top: 12.5px; left: 416.25px; background-color: #ffffff; cursor: pointer; pointer-events: none; display: none;\"><\/div>\n<div id=\"hzImg\" style=\"border: 1px solid #ffffff; line-height: 0; overflow: hidden; padding: 2px; margin: 0px; position: fixed; z-index: 2147483647; border-radius: 3px; box-shadow: rgba(0, 0, 0, 0.33) 3px 3px 9px 5px; opacity: 1; top: 12.5px; left: 416.25px; background-color: #ffffff; cursor: pointer; pointer-events: none; display: none;\"><\/div>\n","protected":false},"excerpt":{"rendered":"<p>Israel, unser Verh\u00e4ltnis zu Israel und die Zerst\u00f6rung des Tempels in Jerusalem \u2013 das sind die Themen des 10. Sonntags nach Trinitas. Unser dritter musikalischer Gottesdienst in diesem Jahr (am 25. August) wird von NachwuchsmusikerInnen aus Nordfriesland gestaltet: Rosalie Ueth &hellip; <a href=\"https:\/\/kirche-ostenfeld.de\/wordpress\/archives\/3868\">Weiterlesen <span class=\"meta-nav\">&rarr;<\/span><\/a><\/p>\n","protected":false},"author":2,"featured_media":0,"comment_status":"closed","ping_status":"closed","sticky":false,"template":"","format":"standard","meta":{"footnotes":""},"categories":[1],"tags":[12,26,11,6],"class_list":["post-3868","post","type-post","status-publish","format-standard","hentry","category-allgemein","tag-angebote","tag-glauben","tag-kirche","tag-musik"],"_links":{"self":[{"href":"https:\/\/kirche-ostenfeld.de\/wordpress\/wp-json\/wp\/v2\/posts\/3868","targetHints":{"allow":["GET"]}}],"collection":[{"href":"https:\/\/kirche-ostenfeld.de\/wordpress\/wp-json\/wp\/v2\/posts"}],"about":[{"href":"https:\/\/kirche-ostenfeld.de\/wordpress\/wp-json\/wp\/v2\/types\/post"}],"author":[{"embeddable":true,"href":"https:\/\/kirche-ostenfeld.de\/wordpress\/wp-json\/wp\/v2\/users\/2"}],"replies":[{"embeddable":true,"href":"https:\/\/kirche-ostenfeld.de\/wordpress\/wp-json\/wp\/v2\/comments?post=3868"}],"version-history":[{"count":7,"href":"https:\/\/kirche-ostenfeld.de\/wordpress\/wp-json\/wp\/v2\/posts\/3868\/revisions"}],"predecessor-version":[{"id":3878,"href":"https:\/\/kirche-ostenfeld.de\/wordpress\/wp-json\/wp\/v2\/posts\/3868\/revisions\/3878"}],"wp:attachment":[{"href":"https:\/\/kirche-ostenfeld.de\/wordpress\/wp-json\/wp\/v2\/media?parent=3868"}],"wp:term":[{"taxonomy":"category","embeddable":true,"href":"https:\/\/kirche-ostenfeld.de\/wordpress\/wp-json\/wp\/v2\/categories?post=3868"},{"taxonomy":"post_tag","embeddable":true,"href":"https:\/\/kirche-ostenfeld.de\/wordpress\/wp-json\/wp\/v2\/tags?post=3868"}],"curies":[{"name":"wp","href":"https:\/\/api.w.org\/{rel}","templated":true}]}}