{"id":3840,"date":"2019-06-25T20:36:08","date_gmt":"2019-06-25T19:36:08","guid":{"rendered":"http:\/\/kirche-ostenfeld.de\/wordpress\/?p=3840"},"modified":"2019-07-14T20:49:05","modified_gmt":"2019-07-14T19:49:05","slug":"mein-freiwilliges-soziales-jahr","status":"publish","type":"post","link":"https:\/\/kirche-ostenfeld.de\/wordpress\/archives\/3840","title":{"rendered":"Mein freiwilliges soziales Jahr"},"content":{"rendered":"<p><a class=\"hoverZoomLink\" href=\"https:\/\/kirche-ostenfeld.de\/wordpress\/wp-content\/uploads\/2019\/07\/Katharine-Kr\u00fcger-cut.png\"><img loading=\"lazy\" decoding=\"async\" class=\"alignleft size-medium wp-image-3841 hoverZoomLink\" src=\"https:\/\/kirche-ostenfeld.de\/wordpress\/wp-content\/uploads\/2019\/07\/Katharine-Kr\u00fcger-cut-237x300.png\" alt=\"\" width=\"237\" height=\"300\" srcset=\"https:\/\/kirche-ostenfeld.de\/wordpress\/wp-content\/uploads\/2019\/07\/Katharine-Kr\u00fcger-cut-237x300.png 237w, https:\/\/kirche-ostenfeld.de\/wordpress\/wp-content\/uploads\/2019\/07\/Katharine-Kr\u00fcger-cut.png 700w\" sizes=\"auto, (max-width: 237px) 100vw, 237px\" \/><\/a>Mein Name ist Katharine Kr\u00fcger, ich bin 18 Jahre alt und mache mein \u201efreiwilliges soziales Jahr\u201c in der Tagespflege in Winnert. Ich komme geb\u00fcrtig aus Ostenfeld und habe mit Abschluss dieses Jahres meine Fachhochschulreife. Mein T\u00e4tigkeiten sind unter anderem das gemeinsame Backen und Kochen: Wir gehen immer auf die W\u00fcnsche der G\u00e4ste ein und verarbeiten gerne \u00c4pfel oder anderes mitgebrachtes Obst aus den eigenen G\u00e4rten. Im Laufe des Jahres habe ich einige Tricks beim Apfelmuskochen (oder beim Krabbenpulen) von den G\u00e4sten gelernt.<\/p>\n<p><!--more-->Da wir stetig versuchen, Abwechslung in den Alltag zu bringen, veranstalten wir auch gerne einen Vormittag zum Krabbenpulen oder Grillen. Das t\u00e4gliche Ged\u00e4chtnistraining und die Gymnastik zusammen mit den G\u00e4sten, ist, in Hinsicht auf den Erhalt der Mobilit\u00e4t, wichtig. Deshalb machen wir in einen gemeinsamen morgendlichen Runde Wurfspiele, R\u00e4tsel oder Stuhlgymnastik.<br \/>\nEbenso gern unternehme ich Spazierg\u00e4nge mit den G\u00e4sten. Oder wir \u00fcberlegen uns gemeinsam mit den Betreuungskr\u00e4ften neue M\u00f6glichkeiten kreativer Gestaltung.Neben den genannten Betreuungsangeboten habe ich in den letzten Wochen, im Rahmen meiner Qualifizierung zur Betreuungsassistentin, mit einigen Besuchern ein Insektenhotel aus Europaletten gebaut. Daf\u00fcr sind wir losgegangen und haben in der Umgebung Naturmaterialen gesammelt. Ebenso haben wir Konservendosen, die als Beh\u00e4lter dienen, angemalt und haben uns um das integrierte Blumenbeet gek\u00fcmmert.<\/p>\n<p>Nun neigt sich mein freiwilliges Jahr dem Ende zu und ich kann sagen, dass die Tagespflege in Winnert eine tolle Einrichtung f\u00fcr ein solches Jahr ist, da man von allen Seiten viel Unterst\u00fctzung und Freiraum bei seinen eigenen Projekten bekommt.<\/p>\n<p>&nbsp;<\/p>\n","protected":false},"excerpt":{"rendered":"<p>Mein Name ist Katharine Kr\u00fcger, ich bin 18 Jahre alt und mache mein \u201efreiwilliges soziales Jahr\u201c in der Tagespflege in Winnert. Ich komme geb\u00fcrtig aus Ostenfeld und habe mit Abschluss dieses Jahres meine Fachhochschulreife. Mein T\u00e4tigkeiten sind unter anderem das &hellip; <a href=\"https:\/\/kirche-ostenfeld.de\/wordpress\/archives\/3840\">Weiterlesen <span class=\"meta-nav\">&rarr;<\/span><\/a><\/p>\n","protected":false},"author":2,"featured_media":0,"comment_status":"closed","ping_status":"closed","sticky":false,"template":"","format":"standard","meta":{"footnotes":""},"categories":[1],"tags":[24,27,25],"class_list":["post-3840","post","type-post","status-publish","format-standard","hentry","category-allgemein","tag-diakonie","tag-ehrenamt","tag-jugend"],"_links":{"self":[{"href":"https:\/\/kirche-ostenfeld.de\/wordpress\/wp-json\/wp\/v2\/posts\/3840","targetHints":{"allow":["GET"]}}],"collection":[{"href":"https:\/\/kirche-ostenfeld.de\/wordpress\/wp-json\/wp\/v2\/posts"}],"about":[{"href":"https:\/\/kirche-ostenfeld.de\/wordpress\/wp-json\/wp\/v2\/types\/post"}],"author":[{"embeddable":true,"href":"https:\/\/kirche-ostenfeld.de\/wordpress\/wp-json\/wp\/v2\/users\/2"}],"replies":[{"embeddable":true,"href":"https:\/\/kirche-ostenfeld.de\/wordpress\/wp-json\/wp\/v2\/comments?post=3840"}],"version-history":[{"count":1,"href":"https:\/\/kirche-ostenfeld.de\/wordpress\/wp-json\/wp\/v2\/posts\/3840\/revisions"}],"predecessor-version":[{"id":3842,"href":"https:\/\/kirche-ostenfeld.de\/wordpress\/wp-json\/wp\/v2\/posts\/3840\/revisions\/3842"}],"wp:attachment":[{"href":"https:\/\/kirche-ostenfeld.de\/wordpress\/wp-json\/wp\/v2\/media?parent=3840"}],"wp:term":[{"taxonomy":"category","embeddable":true,"href":"https:\/\/kirche-ostenfeld.de\/wordpress\/wp-json\/wp\/v2\/categories?post=3840"},{"taxonomy":"post_tag","embeddable":true,"href":"https:\/\/kirche-ostenfeld.de\/wordpress\/wp-json\/wp\/v2\/tags?post=3840"}],"curies":[{"name":"wp","href":"https:\/\/api.w.org\/{rel}","templated":true}]}}