{"id":3632,"date":"2019-02-17T10:15:58","date_gmt":"2019-02-17T09:15:58","guid":{"rendered":"http:\/\/kirche-ostenfeld.de\/wordpress\/?p=3632"},"modified":"2019-03-31T21:12:48","modified_gmt":"2019-03-31T20:12:48","slug":"kreatives-zum-zoellner-zachaeus","status":"publish","type":"post","link":"https:\/\/kirche-ostenfeld.de\/wordpress\/archives\/3632","title":{"rendered":"Kreatives zum Z\u00f6llner Zach\u00e4us"},"content":{"rendered":"<p><a href=\"https:\/\/kirche-ostenfeld.de\/wordpress\/wp-content\/uploads\/2019\/03\/Kinderkirche-Netz.jpg\"><img loading=\"lazy\" decoding=\"async\" class=\"alignleft size-medium wp-image-3633\" src=\"https:\/\/kirche-ostenfeld.de\/wordpress\/wp-content\/uploads\/2019\/03\/Kinderkirche-Netz-300x200.jpg\" alt=\"\" width=\"300\" height=\"200\" srcset=\"https:\/\/kirche-ostenfeld.de\/wordpress\/wp-content\/uploads\/2019\/03\/Kinderkirche-Netz-300x200.jpg 300w, https:\/\/kirche-ostenfeld.de\/wordpress\/wp-content\/uploads\/2019\/03\/Kinderkirche-Netz-768x511.jpg 768w, https:\/\/kirche-ostenfeld.de\/wordpress\/wp-content\/uploads\/2019\/03\/Kinderkirche-Netz.jpg 1024w\" sizes=\"auto, (max-width: 300px) 100vw, 300px\" \/><\/a>Am 16. Februar fand im Gemeindehaus eine Kinderkirche statt. 15 Kinder sind dieser ersten Einladung gefolgt und fanden sich um 10.30 Uhr im Gemeindehaus ein. Das Thema dieser ersten Kinderkirche hie\u00df \u201eJesus und Zach\u00e4us\u201c oder: \u201eWas, wenn ich etwas falsch gemacht habe?\u201c <!--more-->Nach einem Einstieg lauschten die Kinder gebannt der Geschichte des Z\u00f6llners Zach\u00e4us, bevor es dann zu einem kreativen Teil ging, in dem die Kinder passend zum Thema gemalt und gebastelt haben. Bei zuk\u00fcnftigen Kinderkirchen wird auch eine eigene Kerze brennen, denn die Kinder haben eigens daf\u00fcr Kerzen mit unterschiedlichen bunten Motiven gestaltet. Den Abschluss des Vormittages bildete dann ein gemeinsames Spaghetti-Essen. Am Ende des Vormittages hat es nicht nur den Kindern gefallen, auch das Vorbereitungsteam (Anna Empen, Nadine Lammers, Susann Belbe und Pastor Sven Rehbein) hatte viel Freude.<\/p>\n<p>Die n\u00e4chste Kinderkirche findet am 30. M\u00e4rz um 10.30 Uhr im Gemeindehaus statt. Ein Thema stand zum Redaktionsschluss noch nicht fest. Der dann folgende Termine ist der 27. April, auch hier steht noch kein Thema fest. Im Mai feiern wir am 26. Mai um 10 Uhr einen Tauferinnerungsgottesdienst, den wir als Gottesdienst f\u00fcr Gro\u00dfe und Kleine feiern.<\/p>\n<p>Wir freuen uns auf euch!<br \/>\nDas Kinderkirchen-Team<\/p>\n","protected":false},"excerpt":{"rendered":"<p>Am 16. Februar fand im Gemeindehaus eine Kinderkirche statt. 15 Kinder sind dieser ersten Einladung gefolgt und fanden sich um 10.30 Uhr im Gemeindehaus ein. Das Thema dieser ersten Kinderkirche hie\u00df \u201eJesus und Zach\u00e4us\u201c oder: \u201eWas, wenn ich etwas falsch &hellip; <a href=\"https:\/\/kirche-ostenfeld.de\/wordpress\/archives\/3632\">Weiterlesen <span class=\"meta-nav\">&rarr;<\/span><\/a><\/p>\n","protected":false},"author":2,"featured_media":0,"comment_status":"closed","ping_status":"closed","sticky":false,"template":"","format":"standard","meta":{"footnotes":""},"categories":[1],"tags":[12,26,3],"class_list":["post-3632","post","type-post","status-publish","format-standard","hentry","category-allgemein","tag-angebote","tag-glauben","tag-kinder"],"_links":{"self":[{"href":"https:\/\/kirche-ostenfeld.de\/wordpress\/wp-json\/wp\/v2\/posts\/3632","targetHints":{"allow":["GET"]}}],"collection":[{"href":"https:\/\/kirche-ostenfeld.de\/wordpress\/wp-json\/wp\/v2\/posts"}],"about":[{"href":"https:\/\/kirche-ostenfeld.de\/wordpress\/wp-json\/wp\/v2\/types\/post"}],"author":[{"embeddable":true,"href":"https:\/\/kirche-ostenfeld.de\/wordpress\/wp-json\/wp\/v2\/users\/2"}],"replies":[{"embeddable":true,"href":"https:\/\/kirche-ostenfeld.de\/wordpress\/wp-json\/wp\/v2\/comments?post=3632"}],"version-history":[{"count":1,"href":"https:\/\/kirche-ostenfeld.de\/wordpress\/wp-json\/wp\/v2\/posts\/3632\/revisions"}],"predecessor-version":[{"id":3634,"href":"https:\/\/kirche-ostenfeld.de\/wordpress\/wp-json\/wp\/v2\/posts\/3632\/revisions\/3634"}],"wp:attachment":[{"href":"https:\/\/kirche-ostenfeld.de\/wordpress\/wp-json\/wp\/v2\/media?parent=3632"}],"wp:term":[{"taxonomy":"category","embeddable":true,"href":"https:\/\/kirche-ostenfeld.de\/wordpress\/wp-json\/wp\/v2\/categories?post=3632"},{"taxonomy":"post_tag","embeddable":true,"href":"https:\/\/kirche-ostenfeld.de\/wordpress\/wp-json\/wp\/v2\/tags?post=3632"}],"curies":[{"name":"wp","href":"https:\/\/api.w.org\/{rel}","templated":true}]}}