{"id":3483,"date":"2019-01-25T15:58:42","date_gmt":"2019-01-25T14:58:42","guid":{"rendered":"http:\/\/kirche-ostenfeld.de\/wordpress\/?p=3483"},"modified":"2019-01-26T13:09:10","modified_gmt":"2019-01-26T12:09:10","slug":"neues-aus-der-tagespflege","status":"publish","type":"post","link":"https:\/\/kirche-ostenfeld.de\/wordpress\/archives\/3483","title":{"rendered":"Neues aus der Tagespflege"},"content":{"rendered":"<p><a href=\"https:\/\/kirche-ostenfeld.de\/wordpress\/wp-content\/uploads\/2019\/01\/Scheckuebergabe.jpeg\"><img loading=\"lazy\" decoding=\"async\" class=\"alignleft size-medium wp-image-3484\" src=\"https:\/\/kirche-ostenfeld.de\/wordpress\/wp-content\/uploads\/2019\/01\/Scheckuebergabe-300x195.jpeg\" alt=\"\" width=\"300\" height=\"195\" srcset=\"https:\/\/kirche-ostenfeld.de\/wordpress\/wp-content\/uploads\/2019\/01\/Scheckuebergabe-300x195.jpeg 300w, https:\/\/kirche-ostenfeld.de\/wordpress\/wp-content\/uploads\/2019\/01\/Scheckuebergabe-768x498.jpeg 768w, https:\/\/kirche-ostenfeld.de\/wordpress\/wp-content\/uploads\/2019\/01\/Scheckuebergabe-1024x665.jpeg 1024w, https:\/\/kirche-ostenfeld.de\/wordpress\/wp-content\/uploads\/2019\/01\/Scheckuebergabe.jpeg 1305w\" sizes=\"auto, (max-width: 300px) 100vw, 300px\" \/><\/a>Der Sozialverband Ostenfeld hat k\u00fcrzlich ein Fest zum 70-j\u00e4hrigen Bestehen gefeiert. Der Erl\u00f6s dieses Festes betrug 350 Euro, die Summe sollte einer Einrichtung im eigenen Umfeld zu Gute kommen. Man einigte sich auf unsere Tagespflege.<br \/>\nWir haben uns sehr dar\u00fcber gefreut und Herrn Schr\u00f6der, den Vorsitzenden, und einige weitere Mitglieder des Sozialverbandes zu uns in die Tagespflege eingeladen, zu Kaffee und Kuchen. Bei dieser Gelegenheit wurde uns der Spendenscheck \u00fcberreicht.<br \/>\nMit diesem Geld wird es uns m\u00f6glich sein, einige W\u00fcnsche zu erf\u00fcllen, einen Ausflug zu machen, oder eine Anschaffung f\u00fcr unsere Einrichtung zu t\u00e4tigen. Es sind oft nur kleine W\u00fcnsche, die ge\u00e4u\u00dfert werden, sind diese W\u00fcnsche realisierbar, werden sie von uns erf\u00fcllt. Hier ein paar Beispiele: <!--more--><a href=\"https:\/\/kirche-ostenfeld.de\/wordpress\/wp-content\/uploads\/2019\/01\/Krabbenpulen.jpeg\"><img loading=\"lazy\" decoding=\"async\" class=\"alignright size-medium wp-image-3485\" src=\"https:\/\/kirche-ostenfeld.de\/wordpress\/wp-content\/uploads\/2019\/01\/Krabbenpulen-225x300.jpeg\" alt=\"\" width=\"225\" height=\"300\" srcset=\"https:\/\/kirche-ostenfeld.de\/wordpress\/wp-content\/uploads\/2019\/01\/Krabbenpulen-225x300.jpeg 225w, https:\/\/kirche-ostenfeld.de\/wordpress\/wp-content\/uploads\/2019\/01\/Krabbenpulen-768x1024.jpeg 768w\" sizes=\"auto, (max-width: 225px) 100vw, 225px\" \/><\/a>K\u00fcrzlich sagte einige unserer G\u00e4ste, dass sie gerne mal wieder \u201eKrabben pulen\u201c m\u00f6chten, so wie fr\u00fcher. Gesagt, getan, vier Kilo Krabben breiteten sich auf einer langen Tafel aus. Erstaunlich flott waren alle Krabben aus der Schale gepult! Und dabei kamen viele lustige Geschichten auf den Tisch. Anschlie\u00dfend wurden die Krabben zum Mittagessen verspeist. Alle waren sich einig: Das kann man mal wieder machen!<br \/>\nIm Oktober drehte sich eine ganze Woche alles um den K\u00fcrbis. Wir haben K\u00fcrbismarmelade, K\u00fcrbissuppe, K\u00fcrbisbrot und sogar K\u00fcrbispl\u00e4tzchen gemeinsam zubereitet und gegessen.<\/p>\n<p>Au\u00dferdem waren wir im Schulhausmuseum in Hollingstedt. Wie in einer Zeitreise fanden wir uns in einem alten Klassenzimmer mit Schiefertafeln und Rohrstock wieder. Frau Gramlow f\u00fchrte uns als Fr\u00e4ulein Lehrerin durch den Nachmittag. Fast jeder Gast konnte sich noch an eine kleine Geschichte aus seiner eigenen Schulzeit erinnern und sogar die alte deutsche Schrift lesen. Wir lie\u00dfen den Nachmittag bei Kaffee und Kuchen ausklingen.<\/p>\n<p><a href=\"https:\/\/kirche-ostenfeld.de\/wordpress\/wp-content\/uploads\/2019\/01\/Museum.jpeg\"><img loading=\"lazy\" decoding=\"async\" class=\"alignleft size-large wp-image-3486\" src=\"https:\/\/kirche-ostenfeld.de\/wordpress\/wp-content\/uploads\/2019\/01\/Museum-1024x580.jpeg\" alt=\"\" width=\"640\" height=\"363\" srcset=\"https:\/\/kirche-ostenfeld.de\/wordpress\/wp-content\/uploads\/2019\/01\/Museum.jpeg 1024w, https:\/\/kirche-ostenfeld.de\/wordpress\/wp-content\/uploads\/2019\/01\/Museum-300x170.jpeg 300w, https:\/\/kirche-ostenfeld.de\/wordpress\/wp-content\/uploads\/2019\/01\/Museum-768x435.jpeg 768w\" sizes=\"auto, (max-width: 640px) 100vw, 640px\" \/><\/a>Den ganzen November hie\u00df es \u201eSch\u00fcddel de Poos\u201c. Wir probierten verschiedene Varianten des Verspielens aus, mal auf Plattdeutsch, mal mit Zahlen. Dieses Verspielen fand in regelm\u00e4\u00dfigen Abst\u00e4nden statt, damit jeder Gast die M\u00f6glichkeit hatte, an seinen Besuchstagen tolle Pr\u00e4sente zu gewinnen.<br \/>\nNach dem Motto \u201eEssen h\u00e4lt Leib und Seele zusammen\u201c gab es zur Freude aller G\u00e4ste an einem Tag ger\u00e4ucherten Aal \u2013 f\u00fcr viele G\u00e4ste ein Festessen.<\/p>\n<p>Im Dezember bereiteten wir uns auf Weihnachten vor. Die R\u00e4umlichkeiten der Tagespflege wurden gem\u00fctlich und festlich geschm\u00fcckt. Vor dem Fenster wurde ein Tannenbaum aufgestellt und mit Meisenkn\u00f6deln und Meisenringen best\u00fcckt. Ein riesiger Adventskalender hing an der Wand und hinter jedem T\u00fcrchen verbarg sich eine kleinen Geschichte oder ein Gedicht. Viele G\u00e4ste konnten aus ihrer Erinnerung heraus lange Gedichte fehlerfrei aufsagen.<br \/>\nAm Nikolaustag fand unsere Weihnachtsfeier im Hotel zur Treene in Schwabstedt statt. Alle G\u00e4ste und ihre Angeh\u00f6rigen sowie alle ehrenamtlichen Helfer der Tagespflege waren herzlich eingeladen mit uns zu singen und dem Posaunenchor Ostenfeld zu lauschen.<\/p>\n<p>Kurz vor Weihnachten hatten wir Besuch von Frau Oschmann aus Hude. Sie hat uns mit ihren sch\u00f6nen eigenen Weihnachtsgeschichten auf Plattdeutsch in Weihnachtsstimmung gebracht.<\/p>\n<p>Wir freuen uns auf ein neues Jahr voller \u00dcberraschungen und W\u00fcnsche!<\/p>\n<p>F\u00fcr das Team der Tagespflege,<br \/>\nNadine Grunewald<\/p>\n","protected":false},"excerpt":{"rendered":"<p>Der Sozialverband Ostenfeld hat k\u00fcrzlich ein Fest zum 70-j\u00e4hrigen Bestehen gefeiert. Der Erl\u00f6s dieses Festes betrug 350 Euro, die Summe sollte einer Einrichtung im eigenen Umfeld zu Gute kommen. Man einigte sich auf unsere Tagespflege. Wir haben uns sehr dar\u00fcber &hellip; <a href=\"https:\/\/kirche-ostenfeld.de\/wordpress\/archives\/3483\">Weiterlesen <span class=\"meta-nav\">&rarr;<\/span><\/a><\/p>\n","protected":false},"author":2,"featured_media":0,"comment_status":"closed","ping_status":"closed","sticky":false,"template":"","format":"standard","meta":{"footnotes":""},"categories":[1],"tags":[12,24],"class_list":["post-3483","post","type-post","status-publish","format-standard","hentry","category-allgemein","tag-angebote","tag-diakonie"],"_links":{"self":[{"href":"https:\/\/kirche-ostenfeld.de\/wordpress\/wp-json\/wp\/v2\/posts\/3483","targetHints":{"allow":["GET"]}}],"collection":[{"href":"https:\/\/kirche-ostenfeld.de\/wordpress\/wp-json\/wp\/v2\/posts"}],"about":[{"href":"https:\/\/kirche-ostenfeld.de\/wordpress\/wp-json\/wp\/v2\/types\/post"}],"author":[{"embeddable":true,"href":"https:\/\/kirche-ostenfeld.de\/wordpress\/wp-json\/wp\/v2\/users\/2"}],"replies":[{"embeddable":true,"href":"https:\/\/kirche-ostenfeld.de\/wordpress\/wp-json\/wp\/v2\/comments?post=3483"}],"version-history":[{"count":2,"href":"https:\/\/kirche-ostenfeld.de\/wordpress\/wp-json\/wp\/v2\/posts\/3483\/revisions"}],"predecessor-version":[{"id":3491,"href":"https:\/\/kirche-ostenfeld.de\/wordpress\/wp-json\/wp\/v2\/posts\/3483\/revisions\/3491"}],"wp:attachment":[{"href":"https:\/\/kirche-ostenfeld.de\/wordpress\/wp-json\/wp\/v2\/media?parent=3483"}],"wp:term":[{"taxonomy":"category","embeddable":true,"href":"https:\/\/kirche-ostenfeld.de\/wordpress\/wp-json\/wp\/v2\/categories?post=3483"},{"taxonomy":"post_tag","embeddable":true,"href":"https:\/\/kirche-ostenfeld.de\/wordpress\/wp-json\/wp\/v2\/tags?post=3483"}],"curies":[{"name":"wp","href":"https:\/\/api.w.org\/{rel}","templated":true}]}}