{"id":3428,"date":"2018-11-26T23:07:39","date_gmt":"2018-11-26T22:07:39","guid":{"rendered":"http:\/\/kirche-ostenfeld.de\/wordpress\/?p=3428"},"modified":"2018-11-28T23:10:54","modified_gmt":"2018-11-28T22:10:54","slug":"viel-wunderbar-klingende-luft","status":"publish","type":"post","link":"https:\/\/kirche-ostenfeld.de\/wordpress\/archives\/3428","title":{"rendered":"Viel wunderbar klingende Luft"},"content":{"rendered":"<p>Am 7. Oktober wurde nach langer Renovierungszeit die kleine Orgel \u00fcber dem Altar mit einem festlichen Konzert eingeweiht. Mit Prof. Wolfgang Zerer konnten wir zu diesem Anlass einen international t\u00e4tigen Organisten einladen, der Fachmann ist f\u00fcr die Interpretation \u201eAlter Musik\u201c. Es war wunderbar, so viele Konzertbesucher in die Kirche str\u00f6men zu sehen. Pastor Rehbein beschrieb in seiner Ansprache den Werdegang der Renovierung. Der Vorsitzende des Orgel- und Kirchbauvereins, Wilfried Heitzmann, ging darauf ein, wie wichtig es ist, historische Musikinstrumente als Wert unserer Kultur und unseres kirchlichen Lebens zu pflegen und zu erhalten. Beide dankten den vielen F\u00f6rderern und Unterst\u00fctzern, ohne die die Finanzierung der Renovierung unm\u00f6glich gewesen w\u00e4re. <!--more--><\/p>\n<p>Das knapp einst\u00fcndige Konzert erstaunte mit der Vielfalt des Klanges. Die Boye-Lorenzen-Orgel hat nur ein Manual und wenige Register. Anders als in modernen Orgel dient das Pedal nur f\u00fcr wenige T\u00f6ne. Die Orgel wurde 1776 vorwiegend zur Begleitung des Gemeindegesanges gebaut, nicht f\u00fcr virtuose Orgelmusik, wie sie zum Beispiel Nikolaus Bruhns (Schwabstedt) schrieb. Die Mechanik der Tasten ist viel schwerg\u00e4ngiger als bei heute gebauten Orgeln. Die Brillanz der L\u00e4ufe, perlende Tempi und eine abwechslungsreiche Farbgebung in der Auswahl der Register machten Wolfgang Zerers Spiel zu einem Erlebnis. Standing Ovations dankten ihm und dem Orgelbauer Reinalt Klein, der dieses einmalige Instrument in einen wunderbaren Klangk\u00f6rper verwandelte.<\/p>\n<p>Zum Nachklang bei Sekt, Wein und Wasser blieben viele G\u00e4ste im Gespr\u00e4ch mit dem Organisten und dem Orgelsachverst\u00e4ndigen Hans-Martin Petersen oder nahmen an einer Orgelf\u00fchrung mit dem Orgelbauer teil.<\/p>\n<p>Susanne B\u00f6hm<\/p>\n<p>&nbsp;<\/p>\n","protected":false},"excerpt":{"rendered":"<p>Am 7. Oktober wurde nach langer Renovierungszeit die kleine Orgel \u00fcber dem Altar mit einem festlichen Konzert eingeweiht. Mit Prof. Wolfgang Zerer konnten wir zu diesem Anlass einen international t\u00e4tigen Organisten einladen, der Fachmann ist f\u00fcr die Interpretation \u201eAlter Musik\u201c. &hellip; <a href=\"https:\/\/kirche-ostenfeld.de\/wordpress\/archives\/3428\">Weiterlesen <span class=\"meta-nav\">&rarr;<\/span><\/a><\/p>\n","protected":false},"author":2,"featured_media":0,"comment_status":"closed","ping_status":"closed","sticky":false,"template":"","format":"standard","meta":{"footnotes":""},"categories":[1],"tags":[26,11,6],"class_list":["post-3428","post","type-post","status-publish","format-standard","hentry","category-allgemein","tag-glauben","tag-kirche","tag-musik"],"_links":{"self":[{"href":"https:\/\/kirche-ostenfeld.de\/wordpress\/wp-json\/wp\/v2\/posts\/3428","targetHints":{"allow":["GET"]}}],"collection":[{"href":"https:\/\/kirche-ostenfeld.de\/wordpress\/wp-json\/wp\/v2\/posts"}],"about":[{"href":"https:\/\/kirche-ostenfeld.de\/wordpress\/wp-json\/wp\/v2\/types\/post"}],"author":[{"embeddable":true,"href":"https:\/\/kirche-ostenfeld.de\/wordpress\/wp-json\/wp\/v2\/users\/2"}],"replies":[{"embeddable":true,"href":"https:\/\/kirche-ostenfeld.de\/wordpress\/wp-json\/wp\/v2\/comments?post=3428"}],"version-history":[{"count":1,"href":"https:\/\/kirche-ostenfeld.de\/wordpress\/wp-json\/wp\/v2\/posts\/3428\/revisions"}],"predecessor-version":[{"id":3429,"href":"https:\/\/kirche-ostenfeld.de\/wordpress\/wp-json\/wp\/v2\/posts\/3428\/revisions\/3429"}],"wp:attachment":[{"href":"https:\/\/kirche-ostenfeld.de\/wordpress\/wp-json\/wp\/v2\/media?parent=3428"}],"wp:term":[{"taxonomy":"category","embeddable":true,"href":"https:\/\/kirche-ostenfeld.de\/wordpress\/wp-json\/wp\/v2\/categories?post=3428"},{"taxonomy":"post_tag","embeddable":true,"href":"https:\/\/kirche-ostenfeld.de\/wordpress\/wp-json\/wp\/v2\/tags?post=3428"}],"curies":[{"name":"wp","href":"https:\/\/api.w.org\/{rel}","templated":true}]}}