{"id":3400,"date":"2018-11-12T22:32:02","date_gmt":"2018-11-12T21:32:02","guid":{"rendered":"http:\/\/kirche-ostenfeld.de\/wordpress\/?p=3400"},"modified":"2018-11-12T22:37:30","modified_gmt":"2018-11-12T21:37:30","slug":"weg-und-ziel-in-einem","status":"publish","type":"post","link":"https:\/\/kirche-ostenfeld.de\/wordpress\/archives\/3400","title":{"rendered":"Weg und Ziel in einem"},"content":{"rendered":"<p><a href=\"https:\/\/kirche-ostenfeld.de\/wordpress\/wp-content\/uploads\/2017\/01\/Pastor-Sven-Rehbein.jpg\"><img loading=\"lazy\" decoding=\"async\" class=\"alignright wp-image-2639 size-thumbnail\" src=\"https:\/\/kirche-ostenfeld.de\/wordpress\/wp-content\/uploads\/2017\/01\/Pastor-Sven-Rehbein-150x150.jpg\" alt=\"\" width=\"150\" height=\"150\" \/><\/a>Die Sterne \u00fcben seit Menschengedenken eine hohe Faszination auf uns aus. An ihnen k\u00f6nnen wir uns orientieren, sie weisen uns den Weg und sind im Grunde genommen ein urzeitliches Navi. F\u00fcr manch andere bieten die Sterne Orientierung in ganz anderer Weise in Form von Horoskopen. <!--more--><\/p>\n<p>Ich kann mich noch gut daran erinnern, als im M\u00e4rz 1997 der Komet Hale-Bopp am Nachthimmel erschien. Viele Hobbyastronomen blickten gebannt in den Nachthimmel. Auch wenn dieses Spektakel weniger der Orientierung diente, faszinierend war es allemal, schlie\u00dflich bekommt man so einen Kometen nicht alle Tage zu Gesicht. Und Hale-Bopp wird erst in rund 2.500 Jahren wieder an unserem Nachhimmel auftauchen.<\/p>\n<p>Vor rund 2.000 Jahren erblickten Weise aus dem Morgenland einen Stern am Himmel und sind ihm fasziniert gefolgt, wohl wissend, dass er ihnen den Weg zu etwas ganz Gro\u00dfem weisen wird. \u201eAls sie den Stern sahen, wurden sie hocherfreut\u201c, hei\u00dft es, als sie am Ende ihrer Reise angelangt waren. Ich finde diesen Satz so sch\u00f6n doppeldeutig: denn der Stern ist auf einmal nicht nur Orientierungs-hilfe, sondern zu-gleich auch das Ziel. Er war Weg und Ziel in einem.<br \/>\nUnd ihr Ziel fanden die Weisen in dem Jesuskind, durch das das Licht in die Welt kommen sollte.<\/p>\n<p>Auch f\u00fcr uns ist dieser Stern Weg und Ziel, auch wenn wir ihn nicht immer sehen k\u00f6nnen. Aber wir k\u00f6nnen ihn sp\u00fcren. Wer ihm folgt, den wird er auch zum Jesuskind f\u00fchren. F\u00fcr den wird Jesus dann auch zum Licht auf dem Weg und zum Lebenslicht.<br \/>\nFolgen Sie dem Stern.<\/p>\n<p>Eine frohe und besinnliche<br \/>\nAdvents- und Weihnachtszeit<br \/>\nw\u00fcnscht Ihnen und euch<br \/>\nPastor Sven Rehbein<\/p>\n","protected":false},"excerpt":{"rendered":"<p>Die Sterne \u00fcben seit Menschengedenken eine hohe Faszination auf uns aus. An ihnen k\u00f6nnen wir uns orientieren, sie weisen uns den Weg und sind im Grunde genommen ein urzeitliches Navi. F\u00fcr manch andere bieten die Sterne Orientierung in ganz anderer &hellip; <a href=\"https:\/\/kirche-ostenfeld.de\/wordpress\/archives\/3400\">Weiterlesen <span class=\"meta-nav\">&rarr;<\/span><\/a><\/p>\n","protected":false},"author":2,"featured_media":0,"comment_status":"closed","ping_status":"closed","sticky":false,"template":"","format":"standard","meta":{"footnotes":""},"categories":[1],"tags":[26,11],"class_list":["post-3400","post","type-post","status-publish","format-standard","hentry","category-allgemein","tag-glauben","tag-kirche"],"_links":{"self":[{"href":"https:\/\/kirche-ostenfeld.de\/wordpress\/wp-json\/wp\/v2\/posts\/3400","targetHints":{"allow":["GET"]}}],"collection":[{"href":"https:\/\/kirche-ostenfeld.de\/wordpress\/wp-json\/wp\/v2\/posts"}],"about":[{"href":"https:\/\/kirche-ostenfeld.de\/wordpress\/wp-json\/wp\/v2\/types\/post"}],"author":[{"embeddable":true,"href":"https:\/\/kirche-ostenfeld.de\/wordpress\/wp-json\/wp\/v2\/users\/2"}],"replies":[{"embeddable":true,"href":"https:\/\/kirche-ostenfeld.de\/wordpress\/wp-json\/wp\/v2\/comments?post=3400"}],"version-history":[{"count":3,"href":"https:\/\/kirche-ostenfeld.de\/wordpress\/wp-json\/wp\/v2\/posts\/3400\/revisions"}],"predecessor-version":[{"id":3403,"href":"https:\/\/kirche-ostenfeld.de\/wordpress\/wp-json\/wp\/v2\/posts\/3400\/revisions\/3403"}],"wp:attachment":[{"href":"https:\/\/kirche-ostenfeld.de\/wordpress\/wp-json\/wp\/v2\/media?parent=3400"}],"wp:term":[{"taxonomy":"category","embeddable":true,"href":"https:\/\/kirche-ostenfeld.de\/wordpress\/wp-json\/wp\/v2\/categories?post=3400"},{"taxonomy":"post_tag","embeddable":true,"href":"https:\/\/kirche-ostenfeld.de\/wordpress\/wp-json\/wp\/v2\/tags?post=3400"}],"curies":[{"name":"wp","href":"https:\/\/api.w.org\/{rel}","templated":true}]}}