{"id":3319,"date":"2018-09-30T08:08:21","date_gmt":"2018-09-30T07:08:21","guid":{"rendered":"http:\/\/kirche-ostenfeld.de\/wordpress\/?p=3319"},"modified":"2018-09-30T13:10:13","modified_gmt":"2018-09-30T12:10:13","slug":"viel-luft","status":"publish","type":"post","link":"https:\/\/kirche-ostenfeld.de\/wordpress\/archives\/3319","title":{"rendered":"Viel Luft"},"content":{"rendered":"<p><a href=\"https:\/\/kirche-ostenfeld.de\/wordpress\/wp-content\/uploads\/2018\/09\/Orgel-mit-Ger\u00fcst-k.jpg\"><img loading=\"lazy\" decoding=\"async\" class=\"alignleft wp-image-3321\" src=\"https:\/\/kirche-ostenfeld.de\/wordpress\/wp-content\/uploads\/2018\/09\/Orgel-mit-Ger\u00fcst-k-225x300.jpg\" alt=\"\" width=\"300\" height=\"400\" srcset=\"https:\/\/kirche-ostenfeld.de\/wordpress\/wp-content\/uploads\/2018\/09\/Orgel-mit-Ger\u00fcst-k-225x300.jpg 225w, https:\/\/kirche-ostenfeld.de\/wordpress\/wp-content\/uploads\/2018\/09\/Orgel-mit-Ger\u00fcst-k.jpg 768w\" sizes=\"auto, (max-width: 300px) 100vw, 300px\" \/><\/a>Lange Zeit haben wir die Boye-Lorenzen-Orgel angeschaut und gesehen: Prospektpfeifen, handgeschmiedete Registerz\u00fcge, hauchd\u00fcnne Holzlatten und v i e l L u f t ! Anfang Oktober wird die restaurierte Orgel eingeweiht.<\/p>\n<p>Reinalt Klein, der mit der Restaurierung des Werkes beauftragt ist, hat zu sich in die Werkstatt nach L\u00fcbeck geholt, was er dort bearbeiten kann. Klein hat in den letzten Jahren schon mit dem gro\u00dfartigen Neubau der Orgel f\u00fcr St. Nikolai in Kappeln Gottesdienstbesucher, Orgelliebhaber und Fachpublikum begeistert. <!--more-->Ein Orgelbauer, der von sich sagt, er sei ein Perfektionist, ein im besten Sinne Besessener, der \u201eSeele und Herz ansprechen will, nicht den Kopf\u201c \u2013 so war es zu lesen im Schlei-Boten im Mai 2014.<\/p>\n<p>Wir in Ostenfeld erwarten mit gro\u00dfer Spannung die R\u00fcckkehr und den Einbau der Pfeifen und die Spielbarkeit der Orgel. In einem festlichen Konzert erklingt am Erntedankfest die Boye-Lorenzen-Orgel wieder!<\/p>\n<p><a href=\"https:\/\/kirche-ostenfeld.de\/wordpress\/wp-content\/uploads\/2018\/09\/Zerer-Organist-RK.jpg\"><img loading=\"lazy\" decoding=\"async\" class=\"alignleft size-medium wp-image-3320\" src=\"https:\/\/kirche-ostenfeld.de\/wordpress\/wp-content\/uploads\/2018\/09\/Zerer-Organist-RK-300x227.jpg\" alt=\"\" width=\"300\" height=\"227\" srcset=\"https:\/\/kirche-ostenfeld.de\/wordpress\/wp-content\/uploads\/2018\/09\/Zerer-Organist-RK-300x227.jpg 300w, https:\/\/kirche-ostenfeld.de\/wordpress\/wp-content\/uploads\/2018\/09\/Zerer-Organist-RK-768x581.jpg 768w, https:\/\/kirche-ostenfeld.de\/wordpress\/wp-content\/uploads\/2018\/09\/Zerer-Organist-RK.jpg 1016w\" sizes=\"auto, (max-width: 300px) 100vw, 300px\" \/><\/a>F\u00fcr diesen Abend hat Prof. Wolfgang Zerer aus Hamburg sein Kommen zugesagt.<br \/>\nZerer stammt aus Passau und erhielt dort im Dom seinen ersten Orgelunterricht, studierte danach in Wien Orgel, Cembalo und Dirigieren. Weitere Studien f\u00fchrten ihn nach Amsterdam (Cembalo bei Ton Koopman) und nach Stuttgart (Kirchenmusik und Orgel bei Ludger Lohmann). Nach Lehrauftr\u00e4gen in Stuttgart und Wien erhielt er 1989 eine Professur f\u00fcr Orgel an der Hochschule f\u00fcr Musik und Theater in Hamburg. Er ist Gastdozent an weiteren Hochschulen; Konzerte, Kurse, Jury-T\u00e4tigkeiten und Aufnahmen f\u00fchrten ihn ins n\u00e4here und fernere Ausland.<br \/>\nAn diesem Abend stellt er uns alle Klangfarben der Boye-Lorenzen-Orgel vor und hat dazu Werke von Georg Muffat, Johann Sebastian Bach, Georg B\u00f6hm, Wolfgang Amadeus Mozart und anderen ausgew\u00e4hlt. Der Eintritt zu diesem Konzert ist frei, am Ausgang bitten wir um einen dem Eintritt entsprechenden Beitrag f\u00fcr die Kosten.<\/p>\n<p>Also: <b>Sonntag, 7. Oktober<\/b>, Erntedankfest, 18 Uhr. Und im Anschluss haben Sie in der Kirche bei Sekt, Wein und Wasser Zeit f\u00fcr Nachklang und Austausch.<\/p>\n<p style=\"text-align: right;\">Susanne B\u00f6hm<\/p>\n","protected":false},"excerpt":{"rendered":"<p>Lange Zeit haben wir die Boye-Lorenzen-Orgel angeschaut und gesehen: Prospektpfeifen, handgeschmiedete Registerz\u00fcge, hauchd\u00fcnne Holzlatten und v i e l L u f t ! Anfang Oktober wird die restaurierte Orgel eingeweiht. Reinalt Klein, der mit der Restaurierung des Werkes beauftragt &hellip; <a href=\"https:\/\/kirche-ostenfeld.de\/wordpress\/archives\/3319\">Weiterlesen <span class=\"meta-nav\">&rarr;<\/span><\/a><\/p>\n","protected":false},"author":2,"featured_media":0,"comment_status":"closed","ping_status":"closed","sticky":false,"template":"","format":"standard","meta":{"footnotes":""},"categories":[1],"tags":[11,6],"class_list":["post-3319","post","type-post","status-publish","format-standard","hentry","category-allgemein","tag-kirche","tag-musik"],"_links":{"self":[{"href":"https:\/\/kirche-ostenfeld.de\/wordpress\/wp-json\/wp\/v2\/posts\/3319","targetHints":{"allow":["GET"]}}],"collection":[{"href":"https:\/\/kirche-ostenfeld.de\/wordpress\/wp-json\/wp\/v2\/posts"}],"about":[{"href":"https:\/\/kirche-ostenfeld.de\/wordpress\/wp-json\/wp\/v2\/types\/post"}],"author":[{"embeddable":true,"href":"https:\/\/kirche-ostenfeld.de\/wordpress\/wp-json\/wp\/v2\/users\/2"}],"replies":[{"embeddable":true,"href":"https:\/\/kirche-ostenfeld.de\/wordpress\/wp-json\/wp\/v2\/comments?post=3319"}],"version-history":[{"count":4,"href":"https:\/\/kirche-ostenfeld.de\/wordpress\/wp-json\/wp\/v2\/posts\/3319\/revisions"}],"predecessor-version":[{"id":3325,"href":"https:\/\/kirche-ostenfeld.de\/wordpress\/wp-json\/wp\/v2\/posts\/3319\/revisions\/3325"}],"wp:attachment":[{"href":"https:\/\/kirche-ostenfeld.de\/wordpress\/wp-json\/wp\/v2\/media?parent=3319"}],"wp:term":[{"taxonomy":"category","embeddable":true,"href":"https:\/\/kirche-ostenfeld.de\/wordpress\/wp-json\/wp\/v2\/categories?post=3319"},{"taxonomy":"post_tag","embeddable":true,"href":"https:\/\/kirche-ostenfeld.de\/wordpress\/wp-json\/wp\/v2\/tags?post=3319"}],"curies":[{"name":"wp","href":"https:\/\/api.w.org\/{rel}","templated":true}]}}