{"id":3272,"date":"2018-07-18T10:56:14","date_gmt":"2018-07-18T09:56:14","guid":{"rendered":"http:\/\/kirche-ostenfeld.de\/wordpress\/?p=3272"},"modified":"2018-07-18T10:56:38","modified_gmt":"2018-07-18T09:56:38","slug":"neue-kita-leiterin","status":"publish","type":"post","link":"https:\/\/kirche-ostenfeld.de\/wordpress\/archives\/3272","title":{"rendered":"Neue Kita-Leiterin"},"content":{"rendered":"<p class=\"Normal\"><span class=\"tm5\"><a href=\"https:\/\/kirche-ostenfeld.de\/wordpress\/wp-content\/uploads\/2018\/07\/IMG_8363.jpg\"><img loading=\"lazy\" decoding=\"async\" class=\"alignleft size-medium wp-image-3273\" src=\"https:\/\/kirche-ostenfeld.de\/wordpress\/wp-content\/uploads\/2018\/07\/IMG_8363-268x300.jpg\" alt=\"\" width=\"268\" height=\"300\" srcset=\"https:\/\/kirche-ostenfeld.de\/wordpress\/wp-content\/uploads\/2018\/07\/IMG_8363-268x300.jpg 268w, https:\/\/kirche-ostenfeld.de\/wordpress\/wp-content\/uploads\/2018\/07\/IMG_8363.jpg 768w\" sizes=\"auto, (max-width: 268px) 100vw, 268px\" \/><\/a>Liebe Kirchengemeinde, seit dem 1. Mai bin ich in unserer evangelischen Kindertagesst\u00e4tte Ostenfeld als neue Leitung t\u00e4tig. Ich hei\u00dfe Andrea St\u00f6hrmann, bin 53 Jahre alt und lebe seit 26 Jahren in Ostenfeld. Ich bin verheiratet und habe zwei erwachsene Kinder. Die letzten drei Jahre war ich im evangelischen Kindergarten \u201eAn de Kark\u201c in Hattstedt als Leitung t\u00e4tig und davor habe ich \u00fcber zwanzig Jahre als Gruppenleitung in der Ostenfelder Kita gearbeitet.<br \/>\n<\/span><!--more--><\/p>\n<p class=\"Normal\"><span class=\"tm5\">Ich freue mich sehr, wieder in \u201emeiner alten Kita\u201c zur\u00fcck zu sein. Es gibt viele wunderbare neue Aufgaben und Herausforderungen. Auch freue ich mich wieder auf die Zusammenarbeit mit allen Menschen in diesem Kirchspiel und hoffe auf ein gutes und offenes Miteinander.<br \/>\nDie letzten zwei Monate waren sehr vom Abschiednehmen unserer \u201eGro\u00dfen\u201c gepr\u00e4gt. Alle Vorschulkinder wurden noch einmal zu Hause besucht, das Schlaffest hat mit vielen bunten Aktionen in den R\u00e4umen der Festeinrichtung und in der Au\u00dfenstelle Wittbek stattgefunden. Auch ein gro\u00dfer Ausflug mit allen Kindergartenkindern in den Westk\u00fcstenpark St. Peter-Ording war mit Begeisterung begangen worden.<br \/>\nAm 5. Juli folgte dann noch unser gro\u00dfes Abschiedsfest. Mit einem lachenden und einem weinenden Auge haben wir dieses Fest gefeiert \u2013 nach den Ferien wird f\u00fcr alle ein neuer Lebensabschnitt beginnen. Die \u201eGro\u00dfen\u201c gehen zur Schule, Krippenkinder werden nach den Ferien Kindergartenkinder, neue Kinder unserer Gemeinde starten als Krippen\u2013 oder Kindergartenkinder und f\u00fcr die Eltern beginnt mit jedem neuen Lebensabschnitt ihres Kindes etwas Neues und Aufregendes.<\/span><\/p>\n<p class=\"Normal\"><span class=\"tm5\">Das Kita-Team Ostenfeld freut sich auf ein neues, von viel Fr\u00f6hlichkeit und Vertrauen gepr\u00e4gtes Kindergartenjahr.<\/span><\/p>\n<p class=\"Normal\"><span class=\"tm5\">Ich w\u00fcnsche Ihnen einen wunderbaren, warmen Sommer mit vielen sch\u00f6nen Erlebnissen!<br \/>\n<\/span><span class=\"tm5\">Herzliche Gr\u00fc\u00dfe aus der Kita Ostenfeld auch im Namen aller MitarbeiterInnen,<br \/>\nAndrea St\u00f6hrmann<\/span><\/p>\n","protected":false},"excerpt":{"rendered":"<p>Liebe Kirchengemeinde, seit dem 1. Mai bin ich in unserer evangelischen Kindertagesst\u00e4tte Ostenfeld als neue Leitung t\u00e4tig. Ich hei\u00dfe Andrea St\u00f6hrmann, bin 53 Jahre alt und lebe seit 26 Jahren in Ostenfeld. Ich bin verheiratet und habe zwei erwachsene Kinder. &hellip; <a href=\"https:\/\/kirche-ostenfeld.de\/wordpress\/archives\/3272\">Weiterlesen <span class=\"meta-nav\">&rarr;<\/span><\/a><\/p>\n","protected":false},"author":2,"featured_media":0,"comment_status":"closed","ping_status":"closed","sticky":false,"template":"","format":"standard","meta":{"footnotes":""},"categories":[1],"tags":[12,3],"class_list":["post-3272","post","type-post","status-publish","format-standard","hentry","category-allgemein","tag-angebote","tag-kinder"],"_links":{"self":[{"href":"https:\/\/kirche-ostenfeld.de\/wordpress\/wp-json\/wp\/v2\/posts\/3272","targetHints":{"allow":["GET"]}}],"collection":[{"href":"https:\/\/kirche-ostenfeld.de\/wordpress\/wp-json\/wp\/v2\/posts"}],"about":[{"href":"https:\/\/kirche-ostenfeld.de\/wordpress\/wp-json\/wp\/v2\/types\/post"}],"author":[{"embeddable":true,"href":"https:\/\/kirche-ostenfeld.de\/wordpress\/wp-json\/wp\/v2\/users\/2"}],"replies":[{"embeddable":true,"href":"https:\/\/kirche-ostenfeld.de\/wordpress\/wp-json\/wp\/v2\/comments?post=3272"}],"version-history":[{"count":2,"href":"https:\/\/kirche-ostenfeld.de\/wordpress\/wp-json\/wp\/v2\/posts\/3272\/revisions"}],"predecessor-version":[{"id":3275,"href":"https:\/\/kirche-ostenfeld.de\/wordpress\/wp-json\/wp\/v2\/posts\/3272\/revisions\/3275"}],"wp:attachment":[{"href":"https:\/\/kirche-ostenfeld.de\/wordpress\/wp-json\/wp\/v2\/media?parent=3272"}],"wp:term":[{"taxonomy":"category","embeddable":true,"href":"https:\/\/kirche-ostenfeld.de\/wordpress\/wp-json\/wp\/v2\/categories?post=3272"},{"taxonomy":"post_tag","embeddable":true,"href":"https:\/\/kirche-ostenfeld.de\/wordpress\/wp-json\/wp\/v2\/tags?post=3272"}],"curies":[{"name":"wp","href":"https:\/\/api.w.org\/{rel}","templated":true}]}}