{"id":3256,"date":"2018-07-18T10:32:52","date_gmt":"2018-07-18T09:32:52","guid":{"rendered":"http:\/\/kirche-ostenfeld.de\/wordpress\/?p=3256"},"modified":"2018-07-18T10:57:52","modified_gmt":"2018-07-18T09:57:52","slug":"pastorensonntag","status":"publish","type":"post","link":"https:\/\/kirche-ostenfeld.de\/wordpress\/archives\/3256","title":{"rendered":"Pastorensonntag"},"content":{"rendered":"<p class=\"Normal\"><span class=\"tm5\"><a href=\"https:\/\/kirche-ostenfeld.de\/wordpress\/wp-content\/uploads\/2017\/01\/Pastor-Sven-Rehbein.jpg\"><img loading=\"lazy\" decoding=\"async\" class=\"alignleft size-thumbnail wp-image-2639\" src=\"https:\/\/kirche-ostenfeld.de\/wordpress\/wp-content\/uploads\/2017\/01\/Pastor-Sven-Rehbein-150x150.jpg\" alt=\"\" width=\"150\" height=\"150\" \/><\/a>Eine g\u00e4ngige Meinung lautet: Pastoren sind immer im Dienst und rund um die Uhr erreichbar. Diese Erwartung hat, bis zu einem gewissen Grad, auch ihre Berechtigung. <\/span><span class=\"tm5\">Aber eben nur bis zu einem gewissen Grad. Denn auch die Bibel berichtet davon, dass Gott selbst nicht sieben Tage durchgearbeitet hat, sondern am siebten Tag eine Pause eingelegt hat. Und diesen Ruhetag hat er auch den Menschen sehr ans Herz gelegt.\u00a0<\/span><!--more--><\/p>\n<p class=\"Normal\"><span class=\"tm5\">Wenn also selbst Gott einen Ruhetag hat, dann d\u00fcrfen die Pastorinnen und Pastoren auch einen haben, um Zeit f\u00fcr sich, die Familie und f\u00fcr Hobbys zu haben.<\/span><\/p>\n<p class=\"Normal\"><span class=\"tm5\">Viele Pastoren nehmen diesen freien Tag am so genannten \u201ePastorensonntag\u201c, am Montag. F\u00fcr mich als Familienvater ist das jedoch etwas kontraproduktiv, da meine Frau ebenfalls berufst\u00e4tig ist und mein Sohn in die Schule geht. Es bleibt also keine gemeinsame Zeit. Deshalb habe ich mich daf\u00fcr entschieden, dass mein \u201ePastorensonntag\u201c der Samstag sein soll, um Zeit f\u00fcr mich und meine Familie zu haben. Aus diesem Grund werde ich f\u00fcr Samstage keine Termine mehr annehmen. Ausnahmen sind Anfragen f\u00fcr Trauungen, die bisher geplanten Konfi-Tage und andere Termine, die ich bereits zugesagt habe.<\/span><\/p>\n<p class=\"Normal\"><span class=\"tm5\">Nat\u00fcrlich bin ich in dringenden Notf\u00e4llen trotzdem grunds\u00e4tzlich ansprechbar. Sollte jedoch in einem Notfall unverz\u00fcglich ein Seelsorger ben\u00f6tigt werden und ich nicht erreichbar sein, so besteht immer die M\u00f6glichkeit, die Leitstelle der Notfallseelsorge (Telefon 04662 \/ 8914531) zu kontaktieren. \u00dcber diese Leitstelle ist immer eine Pastorin oder ein Pastor erreichbar.<\/span><\/p>\n<p class=\"Normal\"><span class=\"tm5\">Meine Familie und ich hoffen, dass die Gemeinde Verst\u00e4ndnis f\u00fcr den \u201ePastorensamstag\u201c hat, und wir freuen uns, wenn Terminw\u00fcnsche, Absprachen und andere Anliegen, die nicht ganz besonders dringend sind, auf einen anderen Werktag verschoben werden.<\/span><\/p>\n<p class=\"Normal\"><span class=\"tm5\">Herzlichen Dank!<br \/>\nIhr und euer Pastor<br \/>\nSven Rehbein und Familie<\/span><\/p>\n","protected":false},"excerpt":{"rendered":"<p>Eine g\u00e4ngige Meinung lautet: Pastoren sind immer im Dienst und rund um die Uhr erreichbar. Diese Erwartung hat, bis zu einem gewissen Grad, auch ihre Berechtigung. Aber eben nur bis zu einem gewissen Grad. Denn auch die Bibel berichtet davon, &hellip; <a href=\"https:\/\/kirche-ostenfeld.de\/wordpress\/archives\/3256\">Weiterlesen <span class=\"meta-nav\">&rarr;<\/span><\/a><\/p>\n","protected":false},"author":2,"featured_media":0,"comment_status":"closed","ping_status":"closed","sticky":false,"template":"","format":"standard","meta":{"footnotes":""},"categories":[1],"tags":[11],"class_list":["post-3256","post","type-post","status-publish","format-standard","hentry","category-allgemein","tag-kirche"],"_links":{"self":[{"href":"https:\/\/kirche-ostenfeld.de\/wordpress\/wp-json\/wp\/v2\/posts\/3256","targetHints":{"allow":["GET"]}}],"collection":[{"href":"https:\/\/kirche-ostenfeld.de\/wordpress\/wp-json\/wp\/v2\/posts"}],"about":[{"href":"https:\/\/kirche-ostenfeld.de\/wordpress\/wp-json\/wp\/v2\/types\/post"}],"author":[{"embeddable":true,"href":"https:\/\/kirche-ostenfeld.de\/wordpress\/wp-json\/wp\/v2\/users\/2"}],"replies":[{"embeddable":true,"href":"https:\/\/kirche-ostenfeld.de\/wordpress\/wp-json\/wp\/v2\/comments?post=3256"}],"version-history":[{"count":3,"href":"https:\/\/kirche-ostenfeld.de\/wordpress\/wp-json\/wp\/v2\/posts\/3256\/revisions"}],"predecessor-version":[{"id":3276,"href":"https:\/\/kirche-ostenfeld.de\/wordpress\/wp-json\/wp\/v2\/posts\/3256\/revisions\/3276"}],"wp:attachment":[{"href":"https:\/\/kirche-ostenfeld.de\/wordpress\/wp-json\/wp\/v2\/media?parent=3256"}],"wp:term":[{"taxonomy":"category","embeddable":true,"href":"https:\/\/kirche-ostenfeld.de\/wordpress\/wp-json\/wp\/v2\/categories?post=3256"},{"taxonomy":"post_tag","embeddable":true,"href":"https:\/\/kirche-ostenfeld.de\/wordpress\/wp-json\/wp\/v2\/tags?post=3256"}],"curies":[{"name":"wp","href":"https:\/\/api.w.org\/{rel}","templated":true}]}}