{"id":3215,"date":"2018-05-03T21:35:07","date_gmt":"2018-05-03T20:35:07","guid":{"rendered":"http:\/\/kirche-ostenfeld.de\/wordpress\/?p=3215"},"modified":"2018-06-03T21:36:16","modified_gmt":"2018-06-03T20:36:16","slug":"mio-2-vom-zweiten-konzert","status":"publish","type":"post","link":"https:\/\/kirche-ostenfeld.de\/wordpress\/archives\/3215","title":{"rendered":"MiO 2. Vom zweiten Konzert"},"content":{"rendered":"<p>Am 29. April fand das zweite Konzert der Reihe \u201eMusik in Ostenfeld\u201c statt. Was lag n\u00e4her, als am Sonntag \u201eKantate\u201c (\u201eSinget\u201c) ein Konzert mit dem Titel \u201eSinget! dem Herrn\u201c zu veranstalten, wenn die amtierende Organistin auch eine wunderbare Sopranistin ist. Viele hatten sich von der Ank\u00fcndigung angesprochen gef\u00fchlt, waren interessiert der Einladung gefolgt. So freute sich Janke \u00dcberleer als Vertreterin des Kirchengemeinderates, das zahlreiche Publikum zu begr\u00fc\u00dfen. <!--more-->Susanne B\u00f6hm und Ronald Balg (Flensburg\/Berlin) an der Orgel boten in ihrem klugen Programm eine Zusammenstellung von komponiertem, gesungenen Jubel und Gebet und streiften dabei durch die Jahrhunderte.<br \/>\nDen Rahmen bildeten hochbarocke Kompositionen Singstimme und Begleitung von H\u00e4ndel, Buxtehude und Purcell. Dazwischen ging es zur\u00fcck ins 12. Jahrhundert und vor bis ins 20. Jahrhundert. Dazu ein Orgel-Solo: Balg zog bei seiner Improvisation \u00fcber das aus dem Publikum gew\u00fcnschte Lied \u201eDu meine Seele singe\u201c alle Register: die seiner Spielkunst und die der Sauer-Orgel!<br \/>\nBesonders ber\u00fchrend war der Hymnus \u201eAve generosa\u201c der Hildegard von Bingen, ein Lob der Gottesmutter Maria. Von Susanne B\u00f6hm ohne instrumentale Begleitung vorn im Altarraum gesungen machte er die Zuh\u00f6rer atemlos mucksm\u00e4uschenstill. Wir waren Zeugen eines sehr pers\u00f6nlichen Gebetes.<br \/>\nWie anders H\u00e4ndels spielende Wellen \u2013 von Orgel und S\u00e4ngerin darzustellen \u2013, die die G\u00fcte des Sch\u00f6pfers verk\u00fcnden. Kunstvolle Musik, kunstvoll musiziert. Und dann noch die Nachtigall! Sopran und Orgel imitieren und necken sich, dass den H\u00f6rerInnen die Freude ins Gesicht geschrieben steht.<\/p>\n<p>Ein Abendlied von Purcell schickte unsere Seelen zur Ruhe in Gottes Arme. Etliche aber lie\u00dfen es sich nicht nehmen, in der Kirche bei Wasser (es wurde knapp, und man fragte sich, ob man auch Wein in Wasser verwandeln k\u00f6nne &#8230;) und Wein das Konzert im Gespr\u00e4ch nachklingen zu lassen.<\/p>\n<p>Ein sch\u00f6ner Abend \u2013 und es folgen noch mehr!<br \/>\nBrigitte Wolff<\/p>\n","protected":false},"excerpt":{"rendered":"<p>Am 29. April fand das zweite Konzert der Reihe \u201eMusik in Ostenfeld\u201c statt. Was lag n\u00e4her, als am Sonntag \u201eKantate\u201c (\u201eSinget\u201c) ein Konzert mit dem Titel \u201eSinget! dem Herrn\u201c zu veranstalten, wenn die amtierende Organistin auch eine wunderbare Sopranistin ist. &hellip; <a href=\"https:\/\/kirche-ostenfeld.de\/wordpress\/archives\/3215\">Weiterlesen <span class=\"meta-nav\">&rarr;<\/span><\/a><\/p>\n","protected":false},"author":2,"featured_media":0,"comment_status":"closed","ping_status":"closed","sticky":false,"template":"","format":"standard","meta":{"footnotes":""},"categories":[1],"tags":[12,11,6],"class_list":["post-3215","post","type-post","status-publish","format-standard","hentry","category-allgemein","tag-angebote","tag-kirche","tag-musik"],"_links":{"self":[{"href":"https:\/\/kirche-ostenfeld.de\/wordpress\/wp-json\/wp\/v2\/posts\/3215","targetHints":{"allow":["GET"]}}],"collection":[{"href":"https:\/\/kirche-ostenfeld.de\/wordpress\/wp-json\/wp\/v2\/posts"}],"about":[{"href":"https:\/\/kirche-ostenfeld.de\/wordpress\/wp-json\/wp\/v2\/types\/post"}],"author":[{"embeddable":true,"href":"https:\/\/kirche-ostenfeld.de\/wordpress\/wp-json\/wp\/v2\/users\/2"}],"replies":[{"embeddable":true,"href":"https:\/\/kirche-ostenfeld.de\/wordpress\/wp-json\/wp\/v2\/comments?post=3215"}],"version-history":[{"count":1,"href":"https:\/\/kirche-ostenfeld.de\/wordpress\/wp-json\/wp\/v2\/posts\/3215\/revisions"}],"predecessor-version":[{"id":3216,"href":"https:\/\/kirche-ostenfeld.de\/wordpress\/wp-json\/wp\/v2\/posts\/3215\/revisions\/3216"}],"wp:attachment":[{"href":"https:\/\/kirche-ostenfeld.de\/wordpress\/wp-json\/wp\/v2\/media?parent=3215"}],"wp:term":[{"taxonomy":"category","embeddable":true,"href":"https:\/\/kirche-ostenfeld.de\/wordpress\/wp-json\/wp\/v2\/categories?post=3215"},{"taxonomy":"post_tag","embeddable":true,"href":"https:\/\/kirche-ostenfeld.de\/wordpress\/wp-json\/wp\/v2\/tags?post=3215"}],"curies":[{"name":"wp","href":"https:\/\/api.w.org\/{rel}","templated":true}]}}