{"id":3148,"date":"2018-04-16T11:21:06","date_gmt":"2018-04-16T10:21:06","guid":{"rendered":"http:\/\/kirche-ostenfeld.de\/wordpress\/?p=3148"},"modified":"2018-04-16T11:21:58","modified_gmt":"2018-04-16T10:21:58","slug":"barock-und-gegenwart","status":"publish","type":"post","link":"https:\/\/kirche-ostenfeld.de\/wordpress\/archives\/3148","title":{"rendered":"Barock und Gegenwart"},"content":{"rendered":"<p><a href=\"https:\/\/kirche-ostenfeld.de\/wordpress\/wp-content\/uploads\/2018\/04\/Singet-flyer-k.jpg\"><img loading=\"lazy\" decoding=\"async\" class=\"alignleft size-medium wp-image-3149\" src=\"https:\/\/kirche-ostenfeld.de\/wordpress\/wp-content\/uploads\/2018\/04\/Singet-flyer-k-216x300.jpg\" alt=\"\" width=\"216\" height=\"300\" srcset=\"https:\/\/kirche-ostenfeld.de\/wordpress\/wp-content\/uploads\/2018\/04\/Singet-flyer-k-216x300.jpg 216w, https:\/\/kirche-ostenfeld.de\/wordpress\/wp-content\/uploads\/2018\/04\/Singet-flyer-k.jpg 738w\" sizes=\"auto, (max-width: 216px) 100vw, 216px\" \/><\/a>In der Ostenfelder St. Petri-Kirche erklingt Musik aus Barock und Gegenwart f\u00fcr Sopran und Orgel. Zum Teil in Bearbeitungen oder Imitationen von Naturstimmen, zum Teil als vertonte Gebete, abgerundet von Improvisationen spannt der Abend den Bogen von 1100 bis 2018.<\/p>\n<p><!--more-->Susanne B\u00f6hm arbeitet in ihrer Wahlheimat Nordfriesland als freischaffende Sopranistin; sie ist gefragte Gesangsp\u00e4dagogin und Chorleiterin, sowie Stimmtrainerin im deutschsprachigen Raum. Entscheidende s\u00e4ngerische Pr\u00e4gung erhielt sie durch Peter Sefcik (Hannover\/M\u00fcnchen) sowie gegenw\u00e4rtig durch die Sopranistin Deborah York (Berlin\/London).<\/p>\n<p>Der als Kirchenmusiker und S\u00e4nger ausgebildete Ronald Balg arbeitet seit vielen Jahren in Flensburg und Berlin. Er entwickelte die Methode \u201eatemzentrierte Stimmbildung\u201c und gr\u00fcndete in Flensburg ein gleichnamiges Institut, an dem er erfolgreich Stimmbildner ausbildet und S\u00e4ngerInnen verschiedener Stilrichtungen coacht.<\/p>\n<p>Die beiden K\u00fcnstler sind sich k\u00fcrzlich begegnet. Angeregt durch die Spielfreude und Lust zum lebendigen, ber\u00fchrenden Musizieren sowie die Impulse, Kompositionen durch \u00fcberraschende Blickwinkel neu zu beleben, ist diese Zusammenarbeit entstanden.<\/p>\n<p>Das Konzert findet statt am Sonntag, dem 29. April, es beginnt um 17 Uhr und endet mit einem Nachklang in der Kirche bei Wein und Wasser. Der Eintritt kostet 10 \u20ac.<\/p>\n","protected":false},"excerpt":{"rendered":"<p>In der Ostenfelder St. Petri-Kirche erklingt Musik aus Barock und Gegenwart f\u00fcr Sopran und Orgel. Zum Teil in Bearbeitungen oder Imitationen von Naturstimmen, zum Teil als vertonte Gebete, abgerundet von Improvisationen spannt der Abend den Bogen von 1100 bis 2018.<\/p>\n","protected":false},"author":2,"featured_media":0,"comment_status":"closed","ping_status":"closed","sticky":false,"template":"","format":"standard","meta":{"footnotes":""},"categories":[1],"tags":[12,11,6],"class_list":["post-3148","post","type-post","status-publish","format-standard","hentry","category-allgemein","tag-angebote","tag-kirche","tag-musik"],"_links":{"self":[{"href":"https:\/\/kirche-ostenfeld.de\/wordpress\/wp-json\/wp\/v2\/posts\/3148","targetHints":{"allow":["GET"]}}],"collection":[{"href":"https:\/\/kirche-ostenfeld.de\/wordpress\/wp-json\/wp\/v2\/posts"}],"about":[{"href":"https:\/\/kirche-ostenfeld.de\/wordpress\/wp-json\/wp\/v2\/types\/post"}],"author":[{"embeddable":true,"href":"https:\/\/kirche-ostenfeld.de\/wordpress\/wp-json\/wp\/v2\/users\/2"}],"replies":[{"embeddable":true,"href":"https:\/\/kirche-ostenfeld.de\/wordpress\/wp-json\/wp\/v2\/comments?post=3148"}],"version-history":[{"count":1,"href":"https:\/\/kirche-ostenfeld.de\/wordpress\/wp-json\/wp\/v2\/posts\/3148\/revisions"}],"predecessor-version":[{"id":3150,"href":"https:\/\/kirche-ostenfeld.de\/wordpress\/wp-json\/wp\/v2\/posts\/3148\/revisions\/3150"}],"wp:attachment":[{"href":"https:\/\/kirche-ostenfeld.de\/wordpress\/wp-json\/wp\/v2\/media?parent=3148"}],"wp:term":[{"taxonomy":"category","embeddable":true,"href":"https:\/\/kirche-ostenfeld.de\/wordpress\/wp-json\/wp\/v2\/categories?post=3148"},{"taxonomy":"post_tag","embeddable":true,"href":"https:\/\/kirche-ostenfeld.de\/wordpress\/wp-json\/wp\/v2\/tags?post=3148"}],"curies":[{"name":"wp","href":"https:\/\/api.w.org\/{rel}","templated":true}]}}