{"id":3128,"date":"2018-03-25T18:38:30","date_gmt":"2018-03-25T17:38:30","guid":{"rendered":"http:\/\/kirche-ostenfeld.de\/wordpress\/?p=3128"},"modified":"2018-03-25T18:39:46","modified_gmt":"2018-03-25T17:39:46","slug":"passionszeit-und-ostern-3","status":"publish","type":"post","link":"https:\/\/kirche-ostenfeld.de\/wordpress\/archives\/3128","title":{"rendered":"Passionszeit und Ostern"},"content":{"rendered":"<p class=\"Normal\"><span class=\"tm5\">Die Passions- und Oster\u00fcberlieferungen der Bibel sind das Herzst\u00fcck des christlichen Glaubens. Sie f\u00fchren von Leid und Tod hin zur Auferstehung und zum Leben. Diese Geschichten bewusst und zusammenh\u00e4ngend mitzu(er)leben und mitzufeiern, dazu laden die Gottesdienste von Gr\u00fcndonnerstag bis Ostersonntag ein:<\/span> <!--more--><span class=\"tm5\">Mit dem Feierabendmahl am <\/span><strong><span class=\"tm6\">Gr\u00fcndonnerstag<\/span><\/strong><span class=\"tm5\"> erinnern wir an das letzte Abendmahl Jesu und seiner J\u00fcnger. Auf dem festlich gedeckten Tisch in der Kirche werden frisches Brot und K\u00e4se, Trauben, Wein und Wasser f\u00fcr alle bereit stehen. Texte und Lieder geben dem Mahl einen feierlichen, gottesdienstlichen Rahmen. Donnerstag, 29. M\u00e4rz, <\/span><strong><span class=\"tm6\">18.30 Uhr <\/span><\/strong><span class=\"tm5\">in der St. Petri-Kirche. Wenn es Ihnen m\u00f6glich ist, melden Sie sich bitte im Kirchenb\u00fcro an.<\/span><\/p>\n<p class=\"Normal\"><span class=\"tm5\">Am <\/span><strong><span class=\"tm6\">Karfreitag<\/span><\/strong><span class=\"tm5\"> feiern wir um <\/span><strong><span class=\"tm6\">9.30 Uhr <\/span><\/strong><span class=\"tm5\">Gottesdienst. Wir denken an das Leiden Jesu und an seinen gewaltsamen Tod am Kreuz. Die Kirche wird ohne Schmuck sein, die Glocken schweigen an diesem Tag.<\/span><\/p>\n<p class=\"Normal\"><span class=\"tm5\">Am <\/span><strong><span class=\"tm6\">Ostersonntag<\/span><\/strong><span class=\"tm5\">, dem Tag der Auferstehung, feiern wir um <\/span><strong><span class=\"tm6\">5.30 Uhr <\/span><\/strong><span class=\"tm5\">zum Sonnenaufgang einen <\/span><strong><span class=\"tm6\">Osterfr\u00fchgottesdienst<\/span><\/strong><span class=\"tm5\">. Die neue Osterkerze wird hereingetragen, das Osterlicht verbreitet sich in der Gemeinde \u2013 mit der Nachricht vom leeren Grab und der Auferstehung Jesu. Wir feiern das Licht des Lebens. Im Anschluss sind alle zu einem kleinen <\/span><strong><span class=\"tm6\">Osterfr\u00fchst\u00fcck<\/span><\/strong><span class=\"tm5\"> in den Gemeindesaal eingeladen \u2013 mit Osterbrot, Kaffee und Tee &#8230;<\/span><\/p>\n<p class=\"Normal\"><span class=\"tm5\">Der Hauptgottesdienst am <\/span><strong><span class=\"tm6\">Ostersonntag<\/span><\/strong><span class=\"tm5\"> wird als Gottesdienst f\u00fcr alle Generationen ebenfalls von \u00f6sterlicher Freude gepr\u00e4gt sein. Wir feiern <\/span><strong><span class=\"tm6\">Taufe<\/span><\/strong><span class=\"tm5\">! Alle sind eingeladen sich anstecken zu lassen und das Leben miteinander zu feiern. Der Gottesdienst beginnt um <\/span><strong><span class=\"tm6\">9.30 Uhr<\/span><\/strong><span class=\"tm5\">.<\/span><\/p>\n","protected":false},"excerpt":{"rendered":"<p>Die Passions- und Oster\u00fcberlieferungen der Bibel sind das Herzst\u00fcck des christlichen Glaubens. Sie f\u00fchren von Leid und Tod hin zur Auferstehung und zum Leben. Diese Geschichten bewusst und zusammenh\u00e4ngend mitzu(er)leben und mitzufeiern, dazu laden die Gottesdienste von Gr\u00fcndonnerstag bis Ostersonntag &hellip; <a href=\"https:\/\/kirche-ostenfeld.de\/wordpress\/archives\/3128\">Weiterlesen <span class=\"meta-nav\">&rarr;<\/span><\/a><\/p>\n","protected":false},"author":2,"featured_media":0,"comment_status":"closed","ping_status":"closed","sticky":false,"template":"","format":"standard","meta":{"footnotes":""},"categories":[1],"tags":[12,26,11],"class_list":["post-3128","post","type-post","status-publish","format-standard","hentry","category-allgemein","tag-angebote","tag-glauben","tag-kirche"],"_links":{"self":[{"href":"https:\/\/kirche-ostenfeld.de\/wordpress\/wp-json\/wp\/v2\/posts\/3128","targetHints":{"allow":["GET"]}}],"collection":[{"href":"https:\/\/kirche-ostenfeld.de\/wordpress\/wp-json\/wp\/v2\/posts"}],"about":[{"href":"https:\/\/kirche-ostenfeld.de\/wordpress\/wp-json\/wp\/v2\/types\/post"}],"author":[{"embeddable":true,"href":"https:\/\/kirche-ostenfeld.de\/wordpress\/wp-json\/wp\/v2\/users\/2"}],"replies":[{"embeddable":true,"href":"https:\/\/kirche-ostenfeld.de\/wordpress\/wp-json\/wp\/v2\/comments?post=3128"}],"version-history":[{"count":2,"href":"https:\/\/kirche-ostenfeld.de\/wordpress\/wp-json\/wp\/v2\/posts\/3128\/revisions"}],"predecessor-version":[{"id":3130,"href":"https:\/\/kirche-ostenfeld.de\/wordpress\/wp-json\/wp\/v2\/posts\/3128\/revisions\/3130"}],"wp:attachment":[{"href":"https:\/\/kirche-ostenfeld.de\/wordpress\/wp-json\/wp\/v2\/media?parent=3128"}],"wp:term":[{"taxonomy":"category","embeddable":true,"href":"https:\/\/kirche-ostenfeld.de\/wordpress\/wp-json\/wp\/v2\/categories?post=3128"},{"taxonomy":"post_tag","embeddable":true,"href":"https:\/\/kirche-ostenfeld.de\/wordpress\/wp-json\/wp\/v2\/tags?post=3128"}],"curies":[{"name":"wp","href":"https:\/\/api.w.org\/{rel}","templated":true}]}}