{"id":3125,"date":"2018-03-15T10:38:00","date_gmt":"2018-03-15T09:38:00","guid":{"rendered":"http:\/\/kirche-ostenfeld.de\/wordpress\/?p=3125"},"modified":"2018-03-19T10:39:58","modified_gmt":"2018-03-19T09:39:58","slug":"konfirmanden-anmeldung","status":"publish","type":"post","link":"https:\/\/kirche-ostenfeld.de\/wordpress\/archives\/3125","title":{"rendered":"Konfirmanden-Anmeldung"},"content":{"rendered":"<p>In diesem Jahr finden keine Neuanmeldungen f\u00fcr den Konfirmandenunterricht statt. Der Grund ist eine Umstrukturierung des Konfirmandenunterrichtes von einem zweij\u00e4hrigen auf ein einj\u00e4hriges Modell. Die Konfirmandenzeit beginnt dann bereits vor den Sommerferien und findet w\u00f6chentlich und nicht wie bisher 14-t\u00e4glich statt. Neuanmeldungen sind ab Fr\u00fchjahr 2019 m\u00f6glich. Die genauen Termine werden Ihnen im St. Petri-Brief bekannt gegeben.<\/p>\n","protected":false},"excerpt":{"rendered":"<p>In diesem Jahr finden keine Neuanmeldungen f\u00fcr den Konfirmandenunterricht statt. Der Grund ist eine Umstrukturierung des Konfirmandenunterrichtes von einem zweij\u00e4hrigen auf ein einj\u00e4hriges Modell. Die Konfirmandenzeit beginnt dann bereits vor den Sommerferien und findet w\u00f6chentlich und nicht wie bisher 14-t\u00e4glich &hellip; <a href=\"https:\/\/kirche-ostenfeld.de\/wordpress\/archives\/3125\">Weiterlesen <span class=\"meta-nav\">&rarr;<\/span><\/a><\/p>\n","protected":false},"author":2,"featured_media":0,"comment_status":"closed","ping_status":"closed","sticky":false,"template":"","format":"standard","meta":{"footnotes":""},"categories":[1],"tags":[12,26,25],"class_list":["post-3125","post","type-post","status-publish","format-standard","hentry","category-allgemein","tag-angebote","tag-glauben","tag-jugend"],"_links":{"self":[{"href":"https:\/\/kirche-ostenfeld.de\/wordpress\/wp-json\/wp\/v2\/posts\/3125","targetHints":{"allow":["GET"]}}],"collection":[{"href":"https:\/\/kirche-ostenfeld.de\/wordpress\/wp-json\/wp\/v2\/posts"}],"about":[{"href":"https:\/\/kirche-ostenfeld.de\/wordpress\/wp-json\/wp\/v2\/types\/post"}],"author":[{"embeddable":true,"href":"https:\/\/kirche-ostenfeld.de\/wordpress\/wp-json\/wp\/v2\/users\/2"}],"replies":[{"embeddable":true,"href":"https:\/\/kirche-ostenfeld.de\/wordpress\/wp-json\/wp\/v2\/comments?post=3125"}],"version-history":[{"count":1,"href":"https:\/\/kirche-ostenfeld.de\/wordpress\/wp-json\/wp\/v2\/posts\/3125\/revisions"}],"predecessor-version":[{"id":3126,"href":"https:\/\/kirche-ostenfeld.de\/wordpress\/wp-json\/wp\/v2\/posts\/3125\/revisions\/3126"}],"wp:attachment":[{"href":"https:\/\/kirche-ostenfeld.de\/wordpress\/wp-json\/wp\/v2\/media?parent=3125"}],"wp:term":[{"taxonomy":"category","embeddable":true,"href":"https:\/\/kirche-ostenfeld.de\/wordpress\/wp-json\/wp\/v2\/categories?post=3125"},{"taxonomy":"post_tag","embeddable":true,"href":"https:\/\/kirche-ostenfeld.de\/wordpress\/wp-json\/wp\/v2\/tags?post=3125"}],"curies":[{"name":"wp","href":"https:\/\/api.w.org\/{rel}","templated":true}]}}