{"id":3115,"date":"2018-04-03T10:19:07","date_gmt":"2018-04-03T09:19:07","guid":{"rendered":"http:\/\/kirche-ostenfeld.de\/wordpress\/?p=3115"},"modified":"2018-04-05T14:46:25","modified_gmt":"2018-04-05T13:46:25","slug":"musik-in-ostenfeld","status":"publish","type":"post","link":"https:\/\/kirche-ostenfeld.de\/wordpress\/archives\/3115","title":{"rendered":"Musik in Ostenfeld"},"content":{"rendered":"<p><a href=\"https:\/\/kirche-ostenfeld.de\/wordpress\/wp-content\/uploads\/2018\/03\/B\u00f6hm-Susanne.jpg\"><img loading=\"lazy\" decoding=\"async\" class=\"alignleft size-medium wp-image-3116\" src=\"https:\/\/kirche-ostenfeld.de\/wordpress\/wp-content\/uploads\/2018\/03\/B\u00f6hm-Susanne-300x300.jpg\" alt=\"\" width=\"300\" height=\"300\" srcset=\"https:\/\/kirche-ostenfeld.de\/wordpress\/wp-content\/uploads\/2018\/03\/B\u00f6hm-Susanne-300x300.jpg 300w, https:\/\/kirche-ostenfeld.de\/wordpress\/wp-content\/uploads\/2018\/03\/B\u00f6hm-Susanne-150x150.jpg 150w, https:\/\/kirche-ostenfeld.de\/wordpress\/wp-content\/uploads\/2018\/03\/B\u00f6hm-Susanne.jpg 746w\" sizes=\"auto, (max-width: 300px) 100vw, 300px\" \/><\/a>Liebe Ostenfelder, wenn Sie dieser Tage die Kirche betreten, dann sieht alles eigentlich aus wie immer. Fast. Denn bei genauem Hinsehen merkt man, dass die Boye-Lorenzen-Orgel vorne noch in Arbeit ist. Ich bin nun bald seit drei Jahren Organistin in Ostenfeld. Das Engagement, Geld in die Hand zu nehmen, um dieses Kulturgut aus der Barock-Zeit wieder spielbar zu machen, wurde schon entschieden, da hatte die Kirchengemeinde keinen festen Organisten oder Organistin und musste sich von Woche zu Woche Vertretungskr\u00e4fte suchen.<br \/>\nIch habe gro\u00dfen Respekt vor diesem Mut und vor dieser Entscheidung zur Erhaltung eines historischen Instruments! Auch, dass der jetzige KGR sich daf\u00fcr entschieden hat, die zus\u00e4tzlich ben\u00f6tigten Gelder zu bewegen, um die M\u00e4ngel, die im Zuge der Renovierung erkennbar geworden sind, fachm\u00e4nnisch und gut ganz beheben zu lassen. Als ich vor der Entscheidung stand, ob ich die mir angebotene OrganistInnen-Stelle annehmen m\u00f6chte, war f\u00fcr mich ausschlaggebend, wie die Instrumente klingen \u2013 und die kleine Boye-Lorenzen-Orgel klingt gro\u00dfartig. (Die gro\u00dfe Sauer-Orgel \u00fcbrigens auch &#8230;) <!--more-->Eine gro\u00dfe, sch\u00f6ne Kirche mit guter Akustik, ein lebendiges Dorf mit zwei besonderen historischen Orgeln \u2013 jede v\u00f6llig anders in ihren Farben \u2013 und keine Konzerte. Die Idee kam mir Ende 2017, mittlerweile ist die Umsetzung im vollen Gang. Unterst\u00fctzt von Brigitte Wolff aus Mildstedt, von Pastor Sven Rehbein und dem KGR ist f\u00fcr 2018 eine lose Reihe von Konzerten entstanden:<\/p>\n<p><b>\u201eMusik in Ostenfeld\u201c <\/b>rund um die beiden Orgeln. Die Konzerte sind so abwechslungsreich, dass f\u00fcr jeden Geschmack etwas dabei sein sollte: Orgelmusik f\u00fcr \u201eVier H\u00e4nde und vier F\u00fc\u00dfe\u201c \u2013 zwei junge Hamburger Organistinnen er\u00f6ffnen mit ihrem Wettbewerbsprogramm unsere \u201eMusik in Ostenfeld\u201c 2018. Anwesend ist auch der Orgel-Sachverst\u00e4ndige Hans-Martin Petersen.<br \/>\nIn weiteren Konzerten konnten wir die Husumer Bigband <i>beatfactory<\/i> engagieren, ein \u201eklassisches\u201c Programm f\u00fcr Orgel und Sopran (das werde ich gemeinsam mit Ronald Balg aus Flensburg gestalten), ein Stummfilm-Abend, ein Weihnachtskonzert mit dem Vokalensemble \u201eSjelma\u201c.<br \/>\nIn einem ganz besonderen Konzert wird die Boye-Lorenzen-Orgel wieder eingeweiht \u2013 wir freuen uns sehr, dass Prof. Wolfgang Zerer (Hamburg) zu uns kommt. Und \u2013 weil man sich nach Konzerten gerne miteinander austauscht \u2013 gibt es bei jedem Konzert einen Nachklang mit Wein und Wasser in der Kirche. Behalten Sie unsere Ank\u00fcndigungen im Blick!<\/p>\n<p>Wir hoffen, Ihnen in Ostenfeld und allen drumherum mit Musik in der St. Petri-Kirche eine gro\u00dfe Freude zu machen. Was wir uns w\u00fcnschen, ist ein regelm\u00e4\u00dfig volles Haus, viele Zuh\u00f6rer, die sich von unserer Idee begeistern lassen, kommen, und sie weiter wachsen und bl\u00fchen zu lassen. Zur Finanzierung der Honorare und der organisatorischen Nebenkosten kosten alle Konzerte Eintritt. Mit einer Ausnahme: Das Er\u00f6ffnungskonzert ist frei \u2013 die Kirchengemeinde schenkt Ihnen den Eintritt. Wir bitten erg\u00e4nzend am Ausgang zu einem freiwilligen Beitrag zur Finanzierung der Kosten dieses Konzertes und der ganzen Reihe.<\/p>\n<p>Herzlich,<br \/>\nSusanne B\u00f6hm<\/p>\n","protected":false},"excerpt":{"rendered":"<p>Liebe Ostenfelder, wenn Sie dieser Tage die Kirche betreten, dann sieht alles eigentlich aus wie immer. Fast. Denn bei genauem Hinsehen merkt man, dass die Boye-Lorenzen-Orgel vorne noch in Arbeit ist. Ich bin nun bald seit drei Jahren Organistin in &hellip; <a href=\"https:\/\/kirche-ostenfeld.de\/wordpress\/archives\/3115\">Weiterlesen <span class=\"meta-nav\">&rarr;<\/span><\/a><\/p>\n","protected":false},"author":2,"featured_media":0,"comment_status":"closed","ping_status":"closed","sticky":false,"template":"","format":"standard","meta":{"footnotes":""},"categories":[1],"tags":[12,3,6],"class_list":["post-3115","post","type-post","status-publish","format-standard","hentry","category-allgemein","tag-angebote","tag-kinder","tag-musik"],"_links":{"self":[{"href":"https:\/\/kirche-ostenfeld.de\/wordpress\/wp-json\/wp\/v2\/posts\/3115","targetHints":{"allow":["GET"]}}],"collection":[{"href":"https:\/\/kirche-ostenfeld.de\/wordpress\/wp-json\/wp\/v2\/posts"}],"about":[{"href":"https:\/\/kirche-ostenfeld.de\/wordpress\/wp-json\/wp\/v2\/types\/post"}],"author":[{"embeddable":true,"href":"https:\/\/kirche-ostenfeld.de\/wordpress\/wp-json\/wp\/v2\/users\/2"}],"replies":[{"embeddable":true,"href":"https:\/\/kirche-ostenfeld.de\/wordpress\/wp-json\/wp\/v2\/comments?post=3115"}],"version-history":[{"count":1,"href":"https:\/\/kirche-ostenfeld.de\/wordpress\/wp-json\/wp\/v2\/posts\/3115\/revisions"}],"predecessor-version":[{"id":3117,"href":"https:\/\/kirche-ostenfeld.de\/wordpress\/wp-json\/wp\/v2\/posts\/3115\/revisions\/3117"}],"wp:attachment":[{"href":"https:\/\/kirche-ostenfeld.de\/wordpress\/wp-json\/wp\/v2\/media?parent=3115"}],"wp:term":[{"taxonomy":"category","embeddable":true,"href":"https:\/\/kirche-ostenfeld.de\/wordpress\/wp-json\/wp\/v2\/categories?post=3115"},{"taxonomy":"post_tag","embeddable":true,"href":"https:\/\/kirche-ostenfeld.de\/wordpress\/wp-json\/wp\/v2\/tags?post=3115"}],"curies":[{"name":"wp","href":"https:\/\/api.w.org\/{rel}","templated":true}]}}