{"id":3033,"date":"2018-01-13T15:38:38","date_gmt":"2018-01-13T14:38:38","guid":{"rendered":"http:\/\/kirche-ostenfeld.de\/wordpress\/?p=3033"},"modified":"2018-01-15T15:44:03","modified_gmt":"2018-01-15T14:44:03","slug":"basarerloes-fuer-die-tagespflege","status":"publish","type":"post","link":"https:\/\/kirche-ostenfeld.de\/wordpress\/archives\/3033","title":{"rendered":"Basarerl\u00f6s f\u00fcr die Tagespflege"},"content":{"rendered":"<p><a href=\"https:\/\/kirche-ostenfeld.de\/wordpress\/wp-content\/uploads\/2018\/01\/Scheck\u00fcbergabe-rk-color-c-netz.jpeg\"><img loading=\"lazy\" decoding=\"async\" class=\"alignleft size-medium wp-image-3035\" src=\"https:\/\/kirche-ostenfeld.de\/wordpress\/wp-content\/uploads\/2018\/01\/Scheck\u00fcbergabe-rk-color-c-netz-300x215.jpeg\" alt=\"\" width=\"300\" height=\"215\" srcset=\"https:\/\/kirche-ostenfeld.de\/wordpress\/wp-content\/uploads\/2018\/01\/Scheck\u00fcbergabe-rk-color-c-netz-300x215.jpeg 300w, https:\/\/kirche-ostenfeld.de\/wordpress\/wp-content\/uploads\/2018\/01\/Scheck\u00fcbergabe-rk-color-c-netz-768x551.jpeg 768w, https:\/\/kirche-ostenfeld.de\/wordpress\/wp-content\/uploads\/2018\/01\/Scheck\u00fcbergabe-rk-color-c-netz.jpeg 1024w\" sizes=\"auto, (max-width: 300px) 100vw, 300px\" \/><\/a>Schon am Tag zuvor wurde der Gemeindesaal von den Mitwirkenden mit viel Liebe und Elan ge-staltet. Die Handarbeiten wurden ansprechend auf den Tischen dekoriert, Lichterketten angebracht, Kerzen und Tannenzweige taten das ihre zum adventlich geschm\u00fcckten Saal dazu. Wie in den vergangenen Jahren gab es auch diesmal ein vielf\u00e4ltiges Angebot an hochwertigen Strickwaren und wundersch\u00f6ne Bastel- und N\u00e4harbeiten. Am 1. Advent standen die kreativen Damen f\u00fcr Beratung und Verkauf den interessierten Besuchern gern zur Seite. Das reichhaltige Angebot fand reges Interesse und wurde sehr gut angenommen. Zus\u00e4tzliches Highlight war der Verkauf des alkoholfreien Apfelpunsches. Wie in der Vergangenheit wurde der Erl\u00f6s gespendet, in diesem Jahr an die Tagespflege der Diakonie. So wurde uneigenn\u00fctziges Engagement f\u00fcr eine gute Sache eingebracht \u2013 ein ganz gro\u00dfes Dankesch\u00f6n an alle Mitwirkenden!<\/p>\n","protected":false},"excerpt":{"rendered":"<p>Schon am Tag zuvor wurde der Gemeindesaal von den Mitwirkenden mit viel Liebe und Elan ge-staltet. Die Handarbeiten wurden ansprechend auf den Tischen dekoriert, Lichterketten angebracht, Kerzen und Tannenzweige taten das ihre zum adventlich geschm\u00fcckten Saal dazu. Wie in den &hellip; <a href=\"https:\/\/kirche-ostenfeld.de\/wordpress\/archives\/3033\">Weiterlesen <span class=\"meta-nav\">&rarr;<\/span><\/a><\/p>\n","protected":false},"author":2,"featured_media":0,"comment_status":"closed","ping_status":"closed","sticky":false,"template":"","format":"standard","meta":{"footnotes":""},"categories":[1],"tags":[12,24,27],"class_list":["post-3033","post","type-post","status-publish","format-standard","hentry","category-allgemein","tag-angebote","tag-diakonie","tag-ehrenamt"],"_links":{"self":[{"href":"https:\/\/kirche-ostenfeld.de\/wordpress\/wp-json\/wp\/v2\/posts\/3033","targetHints":{"allow":["GET"]}}],"collection":[{"href":"https:\/\/kirche-ostenfeld.de\/wordpress\/wp-json\/wp\/v2\/posts"}],"about":[{"href":"https:\/\/kirche-ostenfeld.de\/wordpress\/wp-json\/wp\/v2\/types\/post"}],"author":[{"embeddable":true,"href":"https:\/\/kirche-ostenfeld.de\/wordpress\/wp-json\/wp\/v2\/users\/2"}],"replies":[{"embeddable":true,"href":"https:\/\/kirche-ostenfeld.de\/wordpress\/wp-json\/wp\/v2\/comments?post=3033"}],"version-history":[{"count":2,"href":"https:\/\/kirche-ostenfeld.de\/wordpress\/wp-json\/wp\/v2\/posts\/3033\/revisions"}],"predecessor-version":[{"id":3037,"href":"https:\/\/kirche-ostenfeld.de\/wordpress\/wp-json\/wp\/v2\/posts\/3033\/revisions\/3037"}],"wp:attachment":[{"href":"https:\/\/kirche-ostenfeld.de\/wordpress\/wp-json\/wp\/v2\/media?parent=3033"}],"wp:term":[{"taxonomy":"category","embeddable":true,"href":"https:\/\/kirche-ostenfeld.de\/wordpress\/wp-json\/wp\/v2\/categories?post=3033"},{"taxonomy":"post_tag","embeddable":true,"href":"https:\/\/kirche-ostenfeld.de\/wordpress\/wp-json\/wp\/v2\/tags?post=3033"}],"curies":[{"name":"wp","href":"https:\/\/api.w.org\/{rel}","templated":true}]}}