{"id":2898,"date":"2017-08-15T11:25:36","date_gmt":"2017-08-15T10:25:36","guid":{"rendered":"http:\/\/kirche-ostenfeld.de\/wordpress\/?p=2898"},"modified":"2017-09-25T11:28:12","modified_gmt":"2017-09-25T10:28:12","slug":"blick-ueber-den-tellerrand-3","status":"publish","type":"post","link":"https:\/\/kirche-ostenfeld.de\/wordpress\/archives\/2898","title":{"rendered":"Blick \u00fcber den Tellerrand"},"content":{"rendered":"<p><a href=\"https:\/\/kirche-ostenfeld.de\/wordpress\/wp-content\/uploads\/2017\/09\/Kopie-von-DSC_2786.jpg\"><img loading=\"lazy\" decoding=\"async\" class=\"alignleft size-medium wp-image-2899\" src=\"https:\/\/kirche-ostenfeld.de\/wordpress\/wp-content\/uploads\/2017\/09\/Kopie-von-DSC_2786-300x169.jpg\" alt=\"\" width=\"300\" height=\"169\" srcset=\"https:\/\/kirche-ostenfeld.de\/wordpress\/wp-content\/uploads\/2017\/09\/Kopie-von-DSC_2786-300x169.jpg 300w, https:\/\/kirche-ostenfeld.de\/wordpress\/wp-content\/uploads\/2017\/09\/Kopie-von-DSC_2786-768x432.jpg 768w, https:\/\/kirche-ostenfeld.de\/wordpress\/wp-content\/uploads\/2017\/09\/Kopie-von-DSC_2786.jpg 1024w\" sizes=\"auto, (max-width: 300px) 100vw, 300px\" \/><\/a>Im Rahmen der Veranstaltungsreihe <i>Blick \u00fcber den Tellerrand<\/i> fand am 8. August eine Fahrt statt: Um 14 Uhr trafen wir uns mit sehr vielen Teilnehmern bei sehr sch\u00f6nem Wetter an der Bushaltestelle vor der Kirche in Ostenfeld.<\/p>\n<p><!--more--><\/p>\n<p>Auf dem Weg zum F\u00e4hrhaus Schl\u00fcttsiel wurden interessante Informationen \u00fcber den S\u00f6nke-Nissen-Koog berichtet. Im F\u00e4hrhaus gab es Kaffee und Kuchen. Wir konnten die herrliche Aussicht mit Blick auf die Nordsee genie\u00dfen.<\/p>\n<p>Anschlie\u00dfend ging es mit dem Bus weiter nach Neugalmsb\u00fcll. Dort steht eine der bemerkenswertesten Kirchen Schleswig-Holsteins aus der Zeit des 19. Jahrhunderts. Wir haben die Kirche mit dem dazugeh\u00f6rigen Friedhof mit Herrn Wiegand, dem Vorsitzenden des dortigen Kirchengemeinderates, besichtigt und viele interessante Informationen erhalten.<\/p>\n<p>Nach diesem erlebnisreichen Tag sind wir dann um 19 Uhr in Ostenfeld angekommen. Einen herzlichen Dank an die Organisatoren Frau Backsen und Frau Christian, die diesen unvergesslichen Tag organisiert haben.<\/p>\n<p>Nina Brandt<\/p>\n<p>&nbsp;<\/p>\n","protected":false},"excerpt":{"rendered":"<p>Im Rahmen der Veranstaltungsreihe Blick \u00fcber den Tellerrand fand am 8. August eine Fahrt statt: Um 14 Uhr trafen wir uns mit sehr vielen Teilnehmern bei sehr sch\u00f6nem Wetter an der Bushaltestelle vor der Kirche in Ostenfeld.<\/p>\n","protected":false},"author":2,"featured_media":0,"comment_status":"closed","ping_status":"closed","sticky":false,"template":"","format":"standard","meta":{"footnotes":""},"categories":[1],"tags":[12,22],"class_list":["post-2898","post","type-post","status-publish","format-standard","hentry","category-allgemein","tag-angebote","tag-unterwegs"],"_links":{"self":[{"href":"https:\/\/kirche-ostenfeld.de\/wordpress\/wp-json\/wp\/v2\/posts\/2898","targetHints":{"allow":["GET"]}}],"collection":[{"href":"https:\/\/kirche-ostenfeld.de\/wordpress\/wp-json\/wp\/v2\/posts"}],"about":[{"href":"https:\/\/kirche-ostenfeld.de\/wordpress\/wp-json\/wp\/v2\/types\/post"}],"author":[{"embeddable":true,"href":"https:\/\/kirche-ostenfeld.de\/wordpress\/wp-json\/wp\/v2\/users\/2"}],"replies":[{"embeddable":true,"href":"https:\/\/kirche-ostenfeld.de\/wordpress\/wp-json\/wp\/v2\/comments?post=2898"}],"version-history":[{"count":1,"href":"https:\/\/kirche-ostenfeld.de\/wordpress\/wp-json\/wp\/v2\/posts\/2898\/revisions"}],"predecessor-version":[{"id":2900,"href":"https:\/\/kirche-ostenfeld.de\/wordpress\/wp-json\/wp\/v2\/posts\/2898\/revisions\/2900"}],"wp:attachment":[{"href":"https:\/\/kirche-ostenfeld.de\/wordpress\/wp-json\/wp\/v2\/media?parent=2898"}],"wp:term":[{"taxonomy":"category","embeddable":true,"href":"https:\/\/kirche-ostenfeld.de\/wordpress\/wp-json\/wp\/v2\/categories?post=2898"},{"taxonomy":"post_tag","embeddable":true,"href":"https:\/\/kirche-ostenfeld.de\/wordpress\/wp-json\/wp\/v2\/tags?post=2898"}],"curies":[{"name":"wp","href":"https:\/\/api.w.org\/{rel}","templated":true}]}}