{"id":2893,"date":"2017-07-01T11:22:29","date_gmt":"2017-07-01T10:22:29","guid":{"rendered":"http:\/\/kirche-ostenfeld.de\/wordpress\/?p=2893"},"modified":"2017-09-25T11:23:16","modified_gmt":"2017-09-25T10:23:16","slug":"sommerfest-der-kita","status":"publish","type":"post","link":"https:\/\/kirche-ostenfeld.de\/wordpress\/archives\/2893","title":{"rendered":"Sommerfest der Kita"},"content":{"rendered":"<p><a href=\"https:\/\/kirche-ostenfeld.de\/wordpress\/wp-content\/uploads\/2017\/09\/IMG_9898.jpg\"><img loading=\"lazy\" decoding=\"async\" class=\"alignleft size-medium wp-image-2894\" src=\"https:\/\/kirche-ostenfeld.de\/wordpress\/wp-content\/uploads\/2017\/09\/IMG_9898-300x225.jpg\" alt=\"\" width=\"300\" height=\"225\" srcset=\"https:\/\/kirche-ostenfeld.de\/wordpress\/wp-content\/uploads\/2017\/09\/IMG_9898-300x225.jpg 300w, https:\/\/kirche-ostenfeld.de\/wordpress\/wp-content\/uploads\/2017\/09\/IMG_9898-768x576.jpg 768w, https:\/\/kirche-ostenfeld.de\/wordpress\/wp-content\/uploads\/2017\/09\/IMG_9898-1024x768.jpg 1024w, https:\/\/kirche-ostenfeld.de\/wordpress\/wp-content\/uploads\/2017\/09\/IMG_9898.jpg 1280w\" sizes=\"auto, (max-width: 300px) 100vw, 300px\" \/><\/a>Am 23. Juni feierten wir unser Sommerfest. Dazu waren alle Kindergarten- und Krippenkinder mit ihren Familien herzlich eingeladen. Auch Mitglieder des Kirchengemeinderats und der Gemeindevertretungen folgten unserer Einladung.<\/p>\n<p><!--more-->Das Wetter spielte zum Gl\u00fcck mit, die Wolken verzogen sich und die Sonne schien strahlend am Himmel. Das Sommerfest begann mit einer Begr\u00fc\u00dfung der Leitung Anke Martensen und der Erzieherin Susanne Hansen. Sie luden zu einem gemeinsamen Lied ein, welches mit Gitarrenbegleitung von Kirsten Thomas und Heike Drosdowski angestimmt wurde.<br \/>\nEine Vielfalt an Spiel- und Kreativit\u00e4tsstationen wurde den Kindern geboten: Stofftaschen bemalen, Dosenwerfen, Kistenrutschen, Tont\u00f6pfe bemalen, Bohnenschlagen und ein Pfad mit der Fragestellung: \u201eWas geh\u00f6rt alles in einen Garten?\u201c<br \/>\nEin Highlight waren die <i>Flotten Lotten<\/i> vom M\u00e4dchentreff \u2013 sie schminkten die Gesichter der Kinder nach Wunsch in Schmetterlinge, L\u00f6wen, Bienen oder Fu\u00dfballfans.<\/p>\n<p>Das reichlich gedeckte und leckere Buffet schmeckte allen hervorragend. Dies war durch gro\u00dfz\u00fcgige Spenden der Eltern m\u00f6glich. Das ein oder andere nette Gespr\u00e4ch fand hier statt.<br \/>\nZum Abschluss des Sommerfestes kamen alle zusammen, um gemeinsam das Lied \u201eIch kenn\u2019 ein Haus\u201c zu singen.<br \/>\nEin gro\u00dfer Dank gilt den Eltern, die uns beim Auf- und Abbau tatkr\u00e4ftig unterst\u00fctzt haben. Es war ein sehr sch\u00f6ner Nachmittag, den sowohl die Kinder als auch die Erwachsenen sehr genossen haben.<\/p>\n<p>Sabine und Vanessa<\/p>\n<p>&nbsp;<\/p>\n","protected":false},"excerpt":{"rendered":"<p>Am 23. Juni feierten wir unser Sommerfest. Dazu waren alle Kindergarten- und Krippenkinder mit ihren Familien herzlich eingeladen. Auch Mitglieder des Kirchengemeinderats und der Gemeindevertretungen folgten unserer Einladung.<\/p>\n","protected":false},"author":2,"featured_media":0,"comment_status":"closed","ping_status":"closed","sticky":false,"template":"","format":"standard","meta":{"footnotes":""},"categories":[1],"tags":[12,3],"class_list":["post-2893","post","type-post","status-publish","format-standard","hentry","category-allgemein","tag-angebote","tag-kinder"],"_links":{"self":[{"href":"https:\/\/kirche-ostenfeld.de\/wordpress\/wp-json\/wp\/v2\/posts\/2893","targetHints":{"allow":["GET"]}}],"collection":[{"href":"https:\/\/kirche-ostenfeld.de\/wordpress\/wp-json\/wp\/v2\/posts"}],"about":[{"href":"https:\/\/kirche-ostenfeld.de\/wordpress\/wp-json\/wp\/v2\/types\/post"}],"author":[{"embeddable":true,"href":"https:\/\/kirche-ostenfeld.de\/wordpress\/wp-json\/wp\/v2\/users\/2"}],"replies":[{"embeddable":true,"href":"https:\/\/kirche-ostenfeld.de\/wordpress\/wp-json\/wp\/v2\/comments?post=2893"}],"version-history":[{"count":1,"href":"https:\/\/kirche-ostenfeld.de\/wordpress\/wp-json\/wp\/v2\/posts\/2893\/revisions"}],"predecessor-version":[{"id":2896,"href":"https:\/\/kirche-ostenfeld.de\/wordpress\/wp-json\/wp\/v2\/posts\/2893\/revisions\/2896"}],"wp:attachment":[{"href":"https:\/\/kirche-ostenfeld.de\/wordpress\/wp-json\/wp\/v2\/media?parent=2893"}],"wp:term":[{"taxonomy":"category","embeddable":true,"href":"https:\/\/kirche-ostenfeld.de\/wordpress\/wp-json\/wp\/v2\/categories?post=2893"},{"taxonomy":"post_tag","embeddable":true,"href":"https:\/\/kirche-ostenfeld.de\/wordpress\/wp-json\/wp\/v2\/tags?post=2893"}],"curies":[{"name":"wp","href":"https:\/\/api.w.org\/{rel}","templated":true}]}}