{"id":2806,"date":"2017-05-08T09:18:45","date_gmt":"2017-05-08T08:18:45","guid":{"rendered":"http:\/\/kirche-ostenfeld.de\/wordpress\/?p=2806"},"modified":"2017-06-06T09:25:32","modified_gmt":"2017-06-06T08:25:32","slug":"an-die-konfirmierten","status":"publish","type":"post","link":"https:\/\/kirche-ostenfeld.de\/wordpress\/archives\/2806","title":{"rendered":"Unsere Jugend ist zuchtlos"},"content":{"rendered":"<p>Liebe Gemeinde, aber innerhalb dieser Gemeinde vor allem: Liebe Konfirmierte!<br \/>\nIm Namen des Kirchengemeinderates m\u00f6chte ich euch die herzlichsten Gl\u00fcckw\u00fcnsche zu eurer Konfirmation aussprechen.<br \/>\nNun liegt sie also hinter euch: die Zeit eures Konfirmandenunterrichts. Circa 1\u00bd Jahre, in denen ihr Pastorinnen und Pastoren kennenlernen durftet, euch mit verschiedenen Themen auseinandergesetzt, eine Konfi-Freizeit gestaltet habt und die nun abgeschlossen wird mit eben diesem Konfirmationsgottesdienst.<br \/>\nIch m\u00f6chte aus einer alten Schrift zitieren, einem Keilschrifttext, der um 2000 vor Christus im heutigen Irak entstand. Dort hei\u00dft es:<br \/>\n\u201eUnsere Jugend ist heruntergekommen und zuchtlos. Die jungen Leute h\u00f6ren nicht mehr auf ihre Eltern. Das Ende der Welt ist nahe.\u201c <!--more-->Aber, liebe Gemeinde, wir wissen heute, 4000 Jahre sp\u00e4ter, dass das Ende der Welt damals nicht gekommen ist. Was k\u00f6nnen wir aus diesem Text lernen? Mir zeigt er, dass man Vertrauen in die Jugend haben muss. Und da sitzt ihr nun: die Jugend von heute. Und ich bin mir sicher: Ihr macht das schon. Auch in Zukunft. Dass ihr es k\u00f6nnt, das habt Ihr uns schon in eurem Vorstellungsgottesdienst gezeigt, denn den habt Ihr auch ganz toll und sehr lebendig gestaltet und uns die Perlen des Glaubens anschaulich n\u00e4hergebracht.<\/p>\n<p>Ich habe gerade vom Vertrauen in die Jugend gesprochen, das wir alle, liebe Gemeinde, ruhig haben sollen. Genauso sollt auch Ihr vertrauen k\u00f6nnen. Euren Eltern, eurer Familie, euren Freunden nat\u00fcrlich und ihr d\u00fcrft auch auf Gott vertrauen! Denn Gottvertrauen ist auch in der heutigen Zeit wichtig. Aber auch der Gemeinschaft und damit auch dieser Gemeinde sollt ihr ruhig euer Vertrauen schenken. Es ist gut, Teil einer Gemeinschaft zu sein. Das gibt einem Sicherheit und Halt, wenn\u00b4s mal nicht so l\u00e4uft im Leben. Und mit eurem Bekenntnis heute, mit eurer Konfirmation seid ihr weiterhin Teil dieser Gemeinschaft der Christen. Mir ist sehr wohl bewusst, dass viele von euch nach all diesen Anstrengungen (Konfi-Unterricht, Unterschriften in den Gottesdiensten sammeln und einiges andere mehr) erstmal eine Pause brauchen \u2013 eine Pause von Gottesdienstbesuchen, eine Pause von der Gemeinde. Ich will gerne zugeben: Mir ist es nach meiner Konfirmation nicht anders gegangen. Und wenn diese Pause einmal vorbeigegangen sein sollte, dann lade ich euch ein, gerne wieder Verantwortung in der Gemeinde zu \u00fcbernehmen, hier oder anderswo. Die Gemeinde wartet auf euch und ihr werdet gebraucht. Aber das ist Zukunftsmusik.<\/p>\n<p>Wir wollen uns wieder dem heutigen Tag zuwenden. Und das ist euer Tag und alle Menschen um euch herum blicken auf euch und freuen sich mit euch. Das merkt ihr nachher an den Umschl\u00e4gen, die ihr erhaltet. Genie\u00dft diesen Tag und behaltet den Tag, an dem ihr eure Zugeh\u00f6rigkeit zur Gemeinschaft Gottes bekr\u00e4ftigt habt, in guter Erinnerung.<\/p>\n<p>Und damit w\u00fcnsche ich euch allen auch im Namen des Kirchengemeinderates Gottes Segen, alles Gute und viel Erfolg auf eurem weiteren Lebensweg. Wie gesagt: Ihr macht das schon.<\/p>\n<p>Eines ist auf jeden Fall klar, liebe Gemeinde: Das Ende der Welt steht uns mit diesen jungen Leuten noch lange nicht bevor!<\/p>\n","protected":false},"excerpt":{"rendered":"<p>Liebe Gemeinde, aber innerhalb dieser Gemeinde vor allem: Liebe Konfirmierte! Im Namen des Kirchengemeinderates m\u00f6chte ich euch die herzlichsten Gl\u00fcckw\u00fcnsche zu eurer Konfirmation aussprechen. Nun liegt sie also hinter euch: die Zeit eures Konfirmandenunterrichts. Circa 1\u00bd Jahre, in denen ihr &hellip; <a href=\"https:\/\/kirche-ostenfeld.de\/wordpress\/archives\/2806\">Weiterlesen <span class=\"meta-nav\">&rarr;<\/span><\/a><\/p>\n","protected":false},"author":2,"featured_media":0,"comment_status":"closed","ping_status":"closed","sticky":false,"template":"","format":"standard","meta":{"footnotes":""},"categories":[1],"tags":[26,25,11],"class_list":["post-2806","post","type-post","status-publish","format-standard","hentry","category-allgemein","tag-glauben","tag-jugend","tag-kirche"],"_links":{"self":[{"href":"https:\/\/kirche-ostenfeld.de\/wordpress\/wp-json\/wp\/v2\/posts\/2806","targetHints":{"allow":["GET"]}}],"collection":[{"href":"https:\/\/kirche-ostenfeld.de\/wordpress\/wp-json\/wp\/v2\/posts"}],"about":[{"href":"https:\/\/kirche-ostenfeld.de\/wordpress\/wp-json\/wp\/v2\/types\/post"}],"author":[{"embeddable":true,"href":"https:\/\/kirche-ostenfeld.de\/wordpress\/wp-json\/wp\/v2\/users\/2"}],"replies":[{"embeddable":true,"href":"https:\/\/kirche-ostenfeld.de\/wordpress\/wp-json\/wp\/v2\/comments?post=2806"}],"version-history":[{"count":2,"href":"https:\/\/kirche-ostenfeld.de\/wordpress\/wp-json\/wp\/v2\/posts\/2806\/revisions"}],"predecessor-version":[{"id":2808,"href":"https:\/\/kirche-ostenfeld.de\/wordpress\/wp-json\/wp\/v2\/posts\/2806\/revisions\/2808"}],"wp:attachment":[{"href":"https:\/\/kirche-ostenfeld.de\/wordpress\/wp-json\/wp\/v2\/media?parent=2806"}],"wp:term":[{"taxonomy":"category","embeddable":true,"href":"https:\/\/kirche-ostenfeld.de\/wordpress\/wp-json\/wp\/v2\/categories?post=2806"},{"taxonomy":"post_tag","embeddable":true,"href":"https:\/\/kirche-ostenfeld.de\/wordpress\/wp-json\/wp\/v2\/tags?post=2806"}],"curies":[{"name":"wp","href":"https:\/\/api.w.org\/{rel}","templated":true}]}}