{"id":2783,"date":"2017-05-15T17:24:16","date_gmt":"2017-05-15T16:24:16","guid":{"rendered":"http:\/\/kirche-ostenfeld.de\/wordpress\/?p=2783"},"modified":"2017-05-15T17:24:16","modified_gmt":"2017-05-15T16:24:16","slug":"korrektur-des-turmbaus","status":"publish","type":"post","link":"https:\/\/kirche-ostenfeld.de\/wordpress\/archives\/2783","title":{"rendered":"Korrektur des Turmbaus"},"content":{"rendered":"<p>Pfingsten war f\u00fcr mich lange Zeit die Korrektur dessen, was beim Turmbau zu Babel geschah. Sie erinnern sich? Die Menschen sprachen damals eine Sprache und wollten einen Turm bauen, der bis in den Himmel reichte, um sich so einen Namen zu machen. Doch Gott verwirrte ihre Sprache und zerstreute die Menschen \u00fcber die ganze Erde, so dass sie ihren Turm nicht fertigstellen konnten. <!--more--><\/p>\n<p>Und Pfingsten konnten die Apostel auf einmal in allen erdenklichen Sprachen predigen, so dass alle Welt sie verstand.<\/p>\n<p>Dass der Turmbau zu Babel und dessen Folgen tats\u00e4chlich so stattgefunden haben, ist wohl reine Legende. Vielmehr sehe ich darin einen Erkl\u00e4rungsversuch der Menschen damals, warum es so viele verschiedene V\u00f6lker und Sprachen gibt. Auch ob des Pfingstwunder, wie es der Evangelist Lukas in seiner Apostelgeschichte \u00fcberliefert, tats\u00e4chlich so stattgefunden hat, ist doch eher fraglich. Wahrscheinlich handelt es sich auch hierbei um eine fromme Legende.<\/p>\n<p>Aber die Erz\u00e4hlung macht mir eines deutlich: Gottes Botschaft will nicht hinter verschlossenen T\u00fcren bleiben. Sie will nach au\u00dfen getragen werden. Vielmehr noch: Sie richtet sich nun nicht mehr an nur EIN auserw\u00e4hltes Volk. Vielmehr dr\u00e4ngt die Botschaft hinaus in alle Welt, zu allen Menschen und zu allen V\u00f6lkern.<\/p>\n<p>Und das ist es, was das Pfingstwunder f\u00fcr mich beschreibt. Die Anh\u00e4nger Jesu erkannten, dass sie das, was sie mit Jesus erlebt und erfahren hatten, dass sie das, was sie von ihm gelernt hatten, nicht f\u00fcr sich behalten durften. Ihre anf\u00e4ngliche Trauer wurde in Freude verwandelt. Sie waren beseelt von dem Gedanken, die Botschaft Jesu zu den Menschen zu bringen und \u201ebrannten\u201c f\u00f6rmlich f\u00fcr die Sache Jesu.<\/p>\n<p>Gottes Geist bewirkt Ver\u00e4nderung bei den Menschen, die empf\u00e4nglich f\u00fcr ihn sind und sich f\u00fcr ihn \u00f6ffnen. Auch hier und heute. Pfingsten feiern wir immer 50 Tage nach Ostern. Doch der Heilige Geist weht, wo er will, und l\u00e4sst sich schon gar nicht zeitlich eingrenzen. Gott schenkt uns die lebendig machende Kraft seines Geistes und will uns damit ganz erf\u00fcllen. Und zwar \u00fcberall und zu jeder Zeit. Wir m\u00fcssen nur empf\u00e4nglich f\u00fcr ihn sein.<\/p>\n<p>Ihr Pastor<br \/>\nSven Rehbein<\/p>\n<p>&nbsp;<\/p>\n","protected":false},"excerpt":{"rendered":"<p>Pfingsten war f\u00fcr mich lange Zeit die Korrektur dessen, was beim Turmbau zu Babel geschah. Sie erinnern sich? Die Menschen sprachen damals eine Sprache und wollten einen Turm bauen, der bis in den Himmel reichte, um sich so einen Namen &hellip; <a href=\"https:\/\/kirche-ostenfeld.de\/wordpress\/archives\/2783\">Weiterlesen <span class=\"meta-nav\">&rarr;<\/span><\/a><\/p>\n","protected":false},"author":2,"featured_media":0,"comment_status":"closed","ping_status":"closed","sticky":false,"template":"","format":"standard","meta":{"footnotes":""},"categories":[1],"tags":[26],"class_list":["post-2783","post","type-post","status-publish","format-standard","hentry","category-allgemein","tag-glauben"],"_links":{"self":[{"href":"https:\/\/kirche-ostenfeld.de\/wordpress\/wp-json\/wp\/v2\/posts\/2783","targetHints":{"allow":["GET"]}}],"collection":[{"href":"https:\/\/kirche-ostenfeld.de\/wordpress\/wp-json\/wp\/v2\/posts"}],"about":[{"href":"https:\/\/kirche-ostenfeld.de\/wordpress\/wp-json\/wp\/v2\/types\/post"}],"author":[{"embeddable":true,"href":"https:\/\/kirche-ostenfeld.de\/wordpress\/wp-json\/wp\/v2\/users\/2"}],"replies":[{"embeddable":true,"href":"https:\/\/kirche-ostenfeld.de\/wordpress\/wp-json\/wp\/v2\/comments?post=2783"}],"version-history":[{"count":1,"href":"https:\/\/kirche-ostenfeld.de\/wordpress\/wp-json\/wp\/v2\/posts\/2783\/revisions"}],"predecessor-version":[{"id":2784,"href":"https:\/\/kirche-ostenfeld.de\/wordpress\/wp-json\/wp\/v2\/posts\/2783\/revisions\/2784"}],"wp:attachment":[{"href":"https:\/\/kirche-ostenfeld.de\/wordpress\/wp-json\/wp\/v2\/media?parent=2783"}],"wp:term":[{"taxonomy":"category","embeddable":true,"href":"https:\/\/kirche-ostenfeld.de\/wordpress\/wp-json\/wp\/v2\/categories?post=2783"},{"taxonomy":"post_tag","embeddable":true,"href":"https:\/\/kirche-ostenfeld.de\/wordpress\/wp-json\/wp\/v2\/tags?post=2783"}],"curies":[{"name":"wp","href":"https:\/\/api.w.org\/{rel}","templated":true}]}}