{"id":2746,"date":"2017-04-17T12:34:42","date_gmt":"2017-04-17T11:34:42","guid":{"rendered":"http:\/\/kirche-ostenfeld.de\/wordpress\/?p=2746"},"modified":"2017-04-17T21:35:25","modified_gmt":"2017-04-17T20:35:25","slug":"martin-und-die-lutherin","status":"publish","type":"post","link":"https:\/\/kirche-ostenfeld.de\/wordpress\/archives\/2746","title":{"rendered":"Martin und die Lutherin"},"content":{"rendered":"<p class=\"tm6 Normal tm10\"><span class=\"tm8\"><a href=\"https:\/\/kirche-ostenfeld.de\/wordpress\/wp-content\/uploads\/2017\/04\/WindWood-Presse-DUO.jpg\"><img loading=\"lazy\" decoding=\"async\" class=\"alignleft size-medium wp-image-2745\" src=\"https:\/\/kirche-ostenfeld.de\/wordpress\/wp-content\/uploads\/2017\/04\/WindWood-Presse-DUO-300x200.jpg\" alt=\"\" width=\"300\" height=\"200\" srcset=\"https:\/\/kirche-ostenfeld.de\/wordpress\/wp-content\/uploads\/2017\/04\/WindWood-Presse-DUO-300x200.jpg 300w, https:\/\/kirche-ostenfeld.de\/wordpress\/wp-content\/uploads\/2017\/04\/WindWood-Presse-DUO-768x512.jpg 768w, https:\/\/kirche-ostenfeld.de\/wordpress\/wp-content\/uploads\/2017\/04\/WindWood-Presse-DUO-1024x683.jpg 1024w, https:\/\/kirche-ostenfeld.de\/wordpress\/wp-content\/uploads\/2017\/04\/WindWood-Presse-DUO.jpg 1500w\" sizes=\"auto, (max-width: 300px) 100vw, 300px\" \/><\/a>Freunde faszinierender Instrumentalmusik kommen im Erz\u00e4hlkonzert am Freitag, 21. April, um 20 Uhr in unserer Kirche auf ihre Kosten. Die Multi-Instrumentalisten Vanessa Feilen und Andreas Schuss alias <\/span><em><span class=\"tm9\">WindWood &amp; Co. <\/span><\/em><span class=\"tm8\">pr\u00e4sentieren ihr \u201eLuther\u201c-Programm.<br \/>\n<\/span><span class=\"tm11\">Dem Musikerehepaar Vanessa Feilen und Andreas Schuss ist es gelungen, ein Programm zu konzipieren, das die Reformation aus einem anderen Blickwinkel erlebbar macht: \u201eMartin und die Lutherin\u201c ist der Titel des Gottesdienstprogramms, das mit Katharinas heimlicher Lekt\u00fcre von Luthers Schriften beginnt.<\/span><!--more--><\/p>\n<p class=\"tm6 Normal tm10\"><span class=\"tm11\">Feilen und Schuss berichten kenntnisreich und humorvoll von der nicht immer spannungsfreien Ehe zwischen zwei starken Pers\u00f6nlichkeiten, die eben nicht scheitert, sondern durch die Klammer von Liebe und Gottvertrauen zusammengehalten wird.<br \/>\nEbenso facettenreich wie das Leben der Luthers sind auch Repertoire und Instrumentarium des Duos. Von Kontrabass \u00fcber Klarinette und Saxophon bis Panfl\u00f6te, von Laute \u00fcber Harfe und Percussion bis Piano reicht das Spektrum, das stets wohlklingend und abwechselungsreich daherkommt.<\/span><\/p>\n<p class=\"tm6 Normal tm12\"><span class=\"tm11\">Das musikalisch-theologische Fazit, das Feilen und Schuss ziehen, ist eindeutig: Wenn Mann und Frau an einem Strang ziehen und Gott seinen Segen dazu gibt, k\u00f6nnen wahrhaft gro\u00dfe Dinge geschehen.<\/span><\/p>\n<p class=\"tm6 Normal tm12\"><span class=\"tm11\">Der Eintritt ist frei, am Ausgang wird um eine Spende gebeten.<\/span><\/p>\n","protected":false},"excerpt":{"rendered":"<p>Freunde faszinierender Instrumentalmusik kommen im Erz\u00e4hlkonzert am Freitag, 21. April, um 20 Uhr in unserer Kirche auf ihre Kosten. Die Multi-Instrumentalisten Vanessa Feilen und Andreas Schuss alias WindWood &amp; Co. pr\u00e4sentieren ihr \u201eLuther\u201c-Programm. Dem Musikerehepaar Vanessa Feilen und Andreas Schuss &hellip; <a href=\"https:\/\/kirche-ostenfeld.de\/wordpress\/archives\/2746\">Weiterlesen <span class=\"meta-nav\">&rarr;<\/span><\/a><\/p>\n","protected":false},"author":2,"featured_media":0,"comment_status":"closed","ping_status":"closed","sticky":false,"template":"","format":"standard","meta":{"footnotes":""},"categories":[1],"tags":[12,11,6],"class_list":["post-2746","post","type-post","status-publish","format-standard","hentry","category-allgemein","tag-angebote","tag-kirche","tag-musik"],"_links":{"self":[{"href":"https:\/\/kirche-ostenfeld.de\/wordpress\/wp-json\/wp\/v2\/posts\/2746","targetHints":{"allow":["GET"]}}],"collection":[{"href":"https:\/\/kirche-ostenfeld.de\/wordpress\/wp-json\/wp\/v2\/posts"}],"about":[{"href":"https:\/\/kirche-ostenfeld.de\/wordpress\/wp-json\/wp\/v2\/types\/post"}],"author":[{"embeddable":true,"href":"https:\/\/kirche-ostenfeld.de\/wordpress\/wp-json\/wp\/v2\/users\/2"}],"replies":[{"embeddable":true,"href":"https:\/\/kirche-ostenfeld.de\/wordpress\/wp-json\/wp\/v2\/comments?post=2746"}],"version-history":[{"count":3,"href":"https:\/\/kirche-ostenfeld.de\/wordpress\/wp-json\/wp\/v2\/posts\/2746\/revisions"}],"predecessor-version":[{"id":2749,"href":"https:\/\/kirche-ostenfeld.de\/wordpress\/wp-json\/wp\/v2\/posts\/2746\/revisions\/2749"}],"wp:attachment":[{"href":"https:\/\/kirche-ostenfeld.de\/wordpress\/wp-json\/wp\/v2\/media?parent=2746"}],"wp:term":[{"taxonomy":"category","embeddable":true,"href":"https:\/\/kirche-ostenfeld.de\/wordpress\/wp-json\/wp\/v2\/categories?post=2746"},{"taxonomy":"post_tag","embeddable":true,"href":"https:\/\/kirche-ostenfeld.de\/wordpress\/wp-json\/wp\/v2\/tags?post=2746"}],"curies":[{"name":"wp","href":"https:\/\/api.w.org\/{rel}","templated":true}]}}