{"id":2735,"date":"2017-04-13T14:30:55","date_gmt":"2017-04-13T13:30:55","guid":{"rendered":"http:\/\/kirche-ostenfeld.de\/wordpress\/?p=2735"},"modified":"2017-04-13T14:39:24","modified_gmt":"2017-04-13T13:39:24","slug":"er-ist-nicht-hier-er-ist-auferstanden","status":"publish","type":"post","link":"https:\/\/kirche-ostenfeld.de\/wordpress\/archives\/2735","title":{"rendered":"Er ist nicht hier, er ist auferstanden"},"content":{"rendered":"<p><a href=\"https:\/\/kirche-ostenfeld.de\/wordpress\/wp-content\/uploads\/2017\/04\/Ostenfeld-Rose-Friedhof-Ostern-k.jpg\"><img loading=\"lazy\" decoding=\"async\" class=\"alignleft size-medium wp-image-2738\" src=\"https:\/\/kirche-ostenfeld.de\/wordpress\/wp-content\/uploads\/2017\/04\/Ostenfeld-Rose-Friedhof-Ostern-k-300x199.jpg\" alt=\"\" width=\"300\" height=\"199\" srcset=\"https:\/\/kirche-ostenfeld.de\/wordpress\/wp-content\/uploads\/2017\/04\/Ostenfeld-Rose-Friedhof-Ostern-k-300x199.jpg 300w, https:\/\/kirche-ostenfeld.de\/wordpress\/wp-content\/uploads\/2017\/04\/Ostenfeld-Rose-Friedhof-Ostern-k-768x510.jpg 768w, https:\/\/kirche-ostenfeld.de\/wordpress\/wp-content\/uploads\/2017\/04\/Ostenfeld-Rose-Friedhof-Ostern-k.jpg 1024w\" sizes=\"auto, (max-width: 300px) 100vw, 300px\" \/><\/a>\u201eWas sucht ihr den Lebenden bei den Toten? Er ist nicht hier, er ist auferstanden.\u201c So lautet der Monatsspruch f\u00fcr den April. Wir feiern Ostern, den Tag der Auferstehung Jesu. Wir feiern den Sieg des Lebens \u00fcber den Tod. <!--more--><\/p>\n<p>Viele haben Zweifel. Kann jemand wirklich von den Toten zur\u00fcckkehren? Kann ihm ein neues Leben geschenkt werden?<br \/>\nFragen, die wir wissenschaftlich und mit absoluter Sicherheit nicht beantworten k\u00f6nnen. Aber wir k\u00f6nnen sie mit unserem Glauben beantworten. Thomas, einer der zw\u00f6lf J\u00fcnger Jesu, konnte auch nicht glauben, ehe er nicht Jesus leibhaftig vor sich gesehen hatte. Erst dann konnte er glauben. So \u00fcberliefert es der Evangelist Johannes. \u201eSelig sind die, die nicht sehen und doch glauben!\u201c, hat Jesus darauf gesagt.<\/p>\n<p>Heute, mehr als 2000 Jahre sp\u00e4ter, steht Jesus uns nicht leibhaftig gegen\u00fcber und fordert uns auf, ihn zu ber\u00fchren. Wir geh\u00f6ren zu denjenigen, die nicht sehen. Wir m\u00fcssen darauf vertrauen, dass uns die \u00dcberlieferungen keinen B\u00e4ren aufbinden. Wir m\u00fcssen quasi blind glauben.<\/p>\n<p>Was damals wirklich geschah wissen wir nicht. Die Frage der Auferstehung wird wohl ein ewiges Geheimnis bleiben. Aber wir Christinnen und Christen vertrauen darauf, dass Jesus von den Toten auferstanden ist. Der Glaube an dieses Mysterium macht Mut, macht Hoffnung. Der Glaube daran, dass nicht der Tod das letzte Wort behalten wird, tr\u00e4gt uns und befl\u00fcgelt uns Jesus nachzufolgen, seine Botschaft in die Welt zu tragen. Dort, wo die Botschaft Jesu gelebt und erfahrbar wird, beginne ich zu verstehen was es hei\u00dft: \u201eWas sucht ihr den Lebenden bei den Toten? Er ist nicht hier, er ist auferstanden.\u201c<\/p>\n<p>Auch wenn es uns nicht verg\u00f6nnt ist, dass Jesus uns so erscheint, wie er seinen J\u00fcngern erschienen ist, lebt er doch trotzdem fort. Jesus lebt in und durch die Menschen, die ihm nachfolgen, die nach seinen Worten handeln.<br \/>\nM\u00f6gen auch Sie, m\u00f6gt auch ihr diese Entdeckung und Erfahrung machen, dass Jesus und seine Botschaft weiterleben und fortbestehen. M\u00f6gen durch Sie, durch euch das auch andere Menschen entdecken und erfahren.<\/p>\n<p>In diesem Sinne w\u00fcnsche ich Ihnen und euch ein frohes und gesegnetes Osterfest.<br \/>\nIhr und euer Pastor Sven Rehbein<\/p>\n","protected":false},"excerpt":{"rendered":"<p>\u201eWas sucht ihr den Lebenden bei den Toten? Er ist nicht hier, er ist auferstanden.\u201c So lautet der Monatsspruch f\u00fcr den April. Wir feiern Ostern, den Tag der Auferstehung Jesu. Wir feiern den Sieg des Lebens \u00fcber den Tod.<\/p>\n","protected":false},"author":2,"featured_media":0,"comment_status":"closed","ping_status":"closed","sticky":false,"template":"","format":"standard","meta":{"footnotes":""},"categories":[1],"tags":[26],"class_list":["post-2735","post","type-post","status-publish","format-standard","hentry","category-allgemein","tag-glauben"],"_links":{"self":[{"href":"https:\/\/kirche-ostenfeld.de\/wordpress\/wp-json\/wp\/v2\/posts\/2735","targetHints":{"allow":["GET"]}}],"collection":[{"href":"https:\/\/kirche-ostenfeld.de\/wordpress\/wp-json\/wp\/v2\/posts"}],"about":[{"href":"https:\/\/kirche-ostenfeld.de\/wordpress\/wp-json\/wp\/v2\/types\/post"}],"author":[{"embeddable":true,"href":"https:\/\/kirche-ostenfeld.de\/wordpress\/wp-json\/wp\/v2\/users\/2"}],"replies":[{"embeddable":true,"href":"https:\/\/kirche-ostenfeld.de\/wordpress\/wp-json\/wp\/v2\/comments?post=2735"}],"version-history":[{"count":2,"href":"https:\/\/kirche-ostenfeld.de\/wordpress\/wp-json\/wp\/v2\/posts\/2735\/revisions"}],"predecessor-version":[{"id":2741,"href":"https:\/\/kirche-ostenfeld.de\/wordpress\/wp-json\/wp\/v2\/posts\/2735\/revisions\/2741"}],"wp:attachment":[{"href":"https:\/\/kirche-ostenfeld.de\/wordpress\/wp-json\/wp\/v2\/media?parent=2735"}],"wp:term":[{"taxonomy":"category","embeddable":true,"href":"https:\/\/kirche-ostenfeld.de\/wordpress\/wp-json\/wp\/v2\/categories?post=2735"},{"taxonomy":"post_tag","embeddable":true,"href":"https:\/\/kirche-ostenfeld.de\/wordpress\/wp-json\/wp\/v2\/tags?post=2735"}],"curies":[{"name":"wp","href":"https:\/\/api.w.org\/{rel}","templated":true}]}}