{"id":2694,"date":"2017-03-05T14:05:08","date_gmt":"2017-03-05T13:05:08","guid":{"rendered":"http:\/\/kirche-ostenfeld.de\/wordpress\/?p=2694"},"modified":"2017-03-05T14:06:01","modified_gmt":"2017-03-05T13:06:01","slug":"herzlich-willkommen","status":"publish","type":"post","link":"https:\/\/kirche-ostenfeld.de\/wordpress\/archives\/2694","title":{"rendered":"Herzlich willkommen"},"content":{"rendered":"<p>Endlich! Am Sonntag, dem 26. Februar 15 Uhr, war es so weit: Pastor Sven Rehbein wurde durch Propst J\u00fcrgen Jessen-Thiesen feierlich in sein Amt als Pastor der Gemeinde Ostenfeld eingef\u00fchrt. Die volle Kirche zeugte davon, dass die Neugier gro\u00df war und die sechs Monate ohne einen eigenen Geistlichen der Kirchengemeinde einiges abverlangt haben. <!--more-->Musikalisch gestaltet wurde der Gottesdienst von Susanne B\u00f6hm an der Orgel, dem Ostenfelder Posaunenchor unter der Leitung von Peter Sch\u00f6ning und den Church Bizkits.<br \/>\nNach der Begr\u00fc\u00dfung durch Prof. Dr. Stefan Kr\u00fcger und der Lesung des Psalms \u201eSei mir ein starker Fels\u201c im Wechsel mit der Gemeinde las Nina Brandt die Epistel f\u00fcr den Sonntag Estomihi.<\/p>\n<p>In seiner Ansprache gab Propst Jessen-Thiesen seiner Freude \u00fcber die Besetzung der Pastorenstelle in Ostenfeld Ausdruck, warnte vor \u00fcbergro\u00dfen Anforderungen an den neuen Stelleninhaber, pries aber auch den gro\u00dfen Gestaltungsraum in der Gemeindearbeit.<br \/>\nNach der eindr\u00fccklichen Einsegnung durch Propst Jessen-Thiesen, begleitet durch das klare Bekenntnis zur Zusammenarbeit durch die Mitglieder des Kirchengemeinderates und die Kirchengemeinde, gab das Auditorium mit dem Lied \u201eVertraut den neuen Wegen\u201c der Hoffnung Ausdruck, gemeinsam Neues zu schaffen auf bew\u00e4hrten Fundamenten.<br \/>\nIn seiner Predigt rief Pastor Rehbein jeden Gl\u00e4ubigen zum Dienst an der f\u00fcr ihn nach K\u00f6nnen, Talent, Wissen und Interesse richtigen Stelle auf.<\/p>\n<p>Nach dem feierlichen Auszug ging es zum Empfang bei Kaffee und Kuchen in den Ostenfelder Kirchspielkrug, der Einladung folgten zahlreiche G\u00e4ste. Dort wurden Gru\u00dfworte vorgetragen durch Janke \u00dcberleer als Vertreterin des Kirchengemeinderates, von den drei Kommunalgemeinden, vertreten durch die Ostenfelder B\u00fcrgermeisterin Eva Maria K\u00fchl, von der Diakoniestation und der Tagespflege, vertreten durch Matthias Thomsen und Elisabeth Wendt, von der Kirchengemeinde Schwabstedt, vertreten durch Pastorin Goltz, und vom Amtskollegen aus Mildstedt, Pastor Munske. Ebenfalls anwesend waren Vertreter der Feuerwehr, vom Sportverein und vom Kindergarten sowie aus dem gro\u00dfen Kreis der Ehrenamtlichen.<br \/>\nMit vielen guten Gespr\u00e4chen ging dieser Tag zu Ende.<\/p>\n<p>Res\u00fcmee des 26. Februars 2017? Herzlich willkommen!<br \/>\nHerzlich willkommen Pastor Rehbein! Herzlich willkommen Familie Rehbein!<\/p>\n<p style=\"text-align: right;\">Sonja Hansen<\/p>\n","protected":false},"excerpt":{"rendered":"<p>Endlich! Am Sonntag, dem 26. Februar 15 Uhr, war es so weit: Pastor Sven Rehbein wurde durch Propst J\u00fcrgen Jessen-Thiesen feierlich in sein Amt als Pastor der Gemeinde Ostenfeld eingef\u00fchrt. Die volle Kirche zeugte davon, dass die Neugier gro\u00df war &hellip; <a href=\"https:\/\/kirche-ostenfeld.de\/wordpress\/archives\/2694\">Weiterlesen <span class=\"meta-nav\">&rarr;<\/span><\/a><\/p>\n","protected":false},"author":2,"featured_media":0,"comment_status":"closed","ping_status":"closed","sticky":false,"template":"","format":"standard","meta":{"footnotes":""},"categories":[1],"tags":[26,11],"class_list":["post-2694","post","type-post","status-publish","format-standard","hentry","category-allgemein","tag-glauben","tag-kirche"],"_links":{"self":[{"href":"https:\/\/kirche-ostenfeld.de\/wordpress\/wp-json\/wp\/v2\/posts\/2694","targetHints":{"allow":["GET"]}}],"collection":[{"href":"https:\/\/kirche-ostenfeld.de\/wordpress\/wp-json\/wp\/v2\/posts"}],"about":[{"href":"https:\/\/kirche-ostenfeld.de\/wordpress\/wp-json\/wp\/v2\/types\/post"}],"author":[{"embeddable":true,"href":"https:\/\/kirche-ostenfeld.de\/wordpress\/wp-json\/wp\/v2\/users\/2"}],"replies":[{"embeddable":true,"href":"https:\/\/kirche-ostenfeld.de\/wordpress\/wp-json\/wp\/v2\/comments?post=2694"}],"version-history":[{"count":2,"href":"https:\/\/kirche-ostenfeld.de\/wordpress\/wp-json\/wp\/v2\/posts\/2694\/revisions"}],"predecessor-version":[{"id":2696,"href":"https:\/\/kirche-ostenfeld.de\/wordpress\/wp-json\/wp\/v2\/posts\/2694\/revisions\/2696"}],"wp:attachment":[{"href":"https:\/\/kirche-ostenfeld.de\/wordpress\/wp-json\/wp\/v2\/media?parent=2694"}],"wp:term":[{"taxonomy":"category","embeddable":true,"href":"https:\/\/kirche-ostenfeld.de\/wordpress\/wp-json\/wp\/v2\/categories?post=2694"},{"taxonomy":"post_tag","embeddable":true,"href":"https:\/\/kirche-ostenfeld.de\/wordpress\/wp-json\/wp\/v2\/tags?post=2694"}],"curies":[{"name":"wp","href":"https:\/\/api.w.org\/{rel}","templated":true}]}}