{"id":2621,"date":"2017-01-16T11:58:16","date_gmt":"2017-01-16T10:58:16","guid":{"rendered":"http:\/\/kirche-ostenfeld.de\/wordpress\/?p=2621"},"modified":"2017-01-16T12:01:05","modified_gmt":"2017-01-16T11:01:05","slug":"musik-im-advent-ein-kleiner-blick-zurueck","status":"publish","type":"post","link":"https:\/\/kirche-ostenfeld.de\/wordpress\/archives\/2621","title":{"rendered":"Musik im Advent &#8211; ein kleiner Blick zur\u00fcck"},"content":{"rendered":"<p><a href=\"https:\/\/kirche-ostenfeld.de\/wordpress\/wp-content\/uploads\/2017\/01\/Weihnachtskonzert-Ostenfeld-2016-3-k.jpg\" rel=\"attachment wp-att-2624\"><img loading=\"lazy\" decoding=\"async\" class=\"alignleft wp-image-2624 size-large\" src=\"https:\/\/kirche-ostenfeld.de\/wordpress\/wp-content\/uploads\/2017\/01\/Weihnachtskonzert-Ostenfeld-2016-3-k-1024x683.jpg\" alt=\"Weihnachtskonzert Ostenfeld 2016 3 k\" width=\"640\" height=\"427\" srcset=\"https:\/\/kirche-ostenfeld.de\/wordpress\/wp-content\/uploads\/2017\/01\/Weihnachtskonzert-Ostenfeld-2016-3-k.jpg 1024w, https:\/\/kirche-ostenfeld.de\/wordpress\/wp-content\/uploads\/2017\/01\/Weihnachtskonzert-Ostenfeld-2016-3-k-300x200.jpg 300w, https:\/\/kirche-ostenfeld.de\/wordpress\/wp-content\/uploads\/2017\/01\/Weihnachtskonzert-Ostenfeld-2016-3-k-768x512.jpg 768w\" sizes=\"auto, (max-width: 640px) 100vw, 640px\" \/><\/a>Ein sch\u00f6ner und gut besuchter Gottesdienst am dritten Advent mit den \u201eChurch Bizkits\u201c, eine volle Kirche beim Konzert mit dem DAS Orchester \u2013 <!--more-->schon die 60 Mitglieder des Orchesters f\u00fcllte den Altarraum der Kirche \u2013 und dann das gut besuchte Konzert des Theodor Storms Chor mit sch\u00f6nen weihnachtlichen St\u00fccken bildeten den musikalischen H\u00f6hepunkt in der Gemeinde Ostenfeld. Sie machten neugierig auf mehr Musik auch im neuen Jahr. Einige Bilder zeigen den festlichen Rahmen.<\/p>\n<p><a href=\"https:\/\/kirche-ostenfeld.de\/wordpress\/wp-content\/uploads\/2017\/01\/Theodor-Storms-Chor-k.jpg\" rel=\"attachment wp-att-2622\"><img loading=\"lazy\" decoding=\"async\" class=\"alignleft wp-image-2622 size-large\" src=\"https:\/\/kirche-ostenfeld.de\/wordpress\/wp-content\/uploads\/2017\/01\/Theodor-Storms-Chor-k-1024x768.jpg\" alt=\"Theodor Storms Chor k\" width=\"640\" height=\"480\" srcset=\"https:\/\/kirche-ostenfeld.de\/wordpress\/wp-content\/uploads\/2017\/01\/Theodor-Storms-Chor-k.jpg 1024w, https:\/\/kirche-ostenfeld.de\/wordpress\/wp-content\/uploads\/2017\/01\/Theodor-Storms-Chor-k-300x225.jpg 300w, https:\/\/kirche-ostenfeld.de\/wordpress\/wp-content\/uploads\/2017\/01\/Theodor-Storms-Chor-k-768x576.jpg 768w\" sizes=\"auto, (max-width: 640px) 100vw, 640px\" \/><\/a><\/p>\n<p><a href=\"https:\/\/kirche-ostenfeld.de\/wordpress\/wp-content\/uploads\/2017\/01\/Weihnachtskonzert-Ostenfeld-2016-2-k.jpg\" rel=\"attachment wp-att-2623\"><img loading=\"lazy\" decoding=\"async\" class=\"alignleft wp-image-2623 size-large\" src=\"https:\/\/kirche-ostenfeld.de\/wordpress\/wp-content\/uploads\/2017\/01\/Weihnachtskonzert-Ostenfeld-2016-2-k-1024x684.jpg\" alt=\"Weihnachtskonzert Ostenfeld 2016 2 k\" width=\"640\" height=\"428\" srcset=\"https:\/\/kirche-ostenfeld.de\/wordpress\/wp-content\/uploads\/2017\/01\/Weihnachtskonzert-Ostenfeld-2016-2-k.jpg 1024w, https:\/\/kirche-ostenfeld.de\/wordpress\/wp-content\/uploads\/2017\/01\/Weihnachtskonzert-Ostenfeld-2016-2-k-300x200.jpg 300w, https:\/\/kirche-ostenfeld.de\/wordpress\/wp-content\/uploads\/2017\/01\/Weihnachtskonzert-Ostenfeld-2016-2-k-768x513.jpg 768w\" sizes=\"auto, (max-width: 640px) 100vw, 640px\" \/><\/a><\/p>\n","protected":false},"excerpt":{"rendered":"<p>Ein sch\u00f6ner und gut besuchter Gottesdienst am dritten Advent mit den \u201eChurch Bizkits\u201c, eine volle Kirche beim Konzert mit dem DAS Orchester \u2013<\/p>\n","protected":false},"author":2,"featured_media":0,"comment_status":"closed","ping_status":"closed","sticky":false,"template":"","format":"standard","meta":{"footnotes":""},"categories":[1],"tags":[11,6],"class_list":["post-2621","post","type-post","status-publish","format-standard","hentry","category-allgemein","tag-kirche","tag-musik"],"_links":{"self":[{"href":"https:\/\/kirche-ostenfeld.de\/wordpress\/wp-json\/wp\/v2\/posts\/2621","targetHints":{"allow":["GET"]}}],"collection":[{"href":"https:\/\/kirche-ostenfeld.de\/wordpress\/wp-json\/wp\/v2\/posts"}],"about":[{"href":"https:\/\/kirche-ostenfeld.de\/wordpress\/wp-json\/wp\/v2\/types\/post"}],"author":[{"embeddable":true,"href":"https:\/\/kirche-ostenfeld.de\/wordpress\/wp-json\/wp\/v2\/users\/2"}],"replies":[{"embeddable":true,"href":"https:\/\/kirche-ostenfeld.de\/wordpress\/wp-json\/wp\/v2\/comments?post=2621"}],"version-history":[{"count":3,"href":"https:\/\/kirche-ostenfeld.de\/wordpress\/wp-json\/wp\/v2\/posts\/2621\/revisions"}],"predecessor-version":[{"id":2627,"href":"https:\/\/kirche-ostenfeld.de\/wordpress\/wp-json\/wp\/v2\/posts\/2621\/revisions\/2627"}],"wp:attachment":[{"href":"https:\/\/kirche-ostenfeld.de\/wordpress\/wp-json\/wp\/v2\/media?parent=2621"}],"wp:term":[{"taxonomy":"category","embeddable":true,"href":"https:\/\/kirche-ostenfeld.de\/wordpress\/wp-json\/wp\/v2\/categories?post=2621"},{"taxonomy":"post_tag","embeddable":true,"href":"https:\/\/kirche-ostenfeld.de\/wordpress\/wp-json\/wp\/v2\/tags?post=2621"}],"curies":[{"name":"wp","href":"https:\/\/api.w.org\/{rel}","templated":true}]}}