{"id":2591,"date":"2017-01-02T15:38:25","date_gmt":"2017-01-02T14:38:25","guid":{"rendered":"http:\/\/kirche-ostenfeld.de\/wordpress\/?p=2591"},"modified":"2017-01-02T20:54:29","modified_gmt":"2017-01-02T19:54:29","slug":"neuer-pastor-fuer-ostenfeld-gefunden","status":"publish","type":"post","link":"https:\/\/kirche-ostenfeld.de\/wordpress\/archives\/2591","title":{"rendered":"Neuer Pastor f\u00fcr Ostenfeld gefunden"},"content":{"rendered":"<p><a href=\"https:\/\/kirche-ostenfeld.de\/wordpress\/wp-content\/uploads\/2016\/12\/Pastor-Sven-Rehbein-cut.jpg\" rel=\"attachment wp-att-2592\"><img loading=\"lazy\" decoding=\"async\" class=\"alignleft size-medium wp-image-2592\" src=\"https:\/\/kirche-ostenfeld.de\/wordpress\/wp-content\/uploads\/2016\/12\/Pastor-Sven-Rehbein-cut-225x300.jpg\" alt=\"pastor-sven-rehbein-cut\" width=\"225\" height=\"300\" srcset=\"https:\/\/kirche-ostenfeld.de\/wordpress\/wp-content\/uploads\/2016\/12\/Pastor-Sven-Rehbein-cut-225x300.jpg 225w, https:\/\/kirche-ostenfeld.de\/wordpress\/wp-content\/uploads\/2016\/12\/Pastor-Sven-Rehbein-cut.jpg 359w\" sizes=\"auto, (max-width: 225px) 100vw, 225px\" \/><\/a>Ab 1. Februar wird Pastor Sven Rehbein (Foto) neuer Pastor in der Kirchengemeinde Ostenfeld. Auch wenn er bereits den ganzen Monat Februar flei\u00dfig t\u00e4tig sein wird, ist seine offizielle Vorstellung erst am 26. Februar im Gottesdienst um 9.30 Uhr. Sie wird von Propst J\u00fcrgen Jessen-Thiesen vorgenommen. Ich verabschiede mich damit zum 1. Februar 2017 als Pastor f\u00fcr die Zwischenzeit und w\u00fcnsche der Gemeinde und Pastor Sven Rehbein alles Gute und Gottes Segen.<\/p>\n<p>Ihr Pastor Rudolf Lies<\/p>\n","protected":false},"excerpt":{"rendered":"<p>Ab 1. Februar wird Pastor Sven Rehbein (Foto) neuer Pastor in der Kirchengemeinde Ostenfeld. Auch wenn er bereits den ganzen Monat Februar flei\u00dfig t\u00e4tig sein wird, ist seine offizielle Vorstellung erst am 26. Februar im Gottesdienst um 9.30 Uhr. Sie &hellip; <a href=\"https:\/\/kirche-ostenfeld.de\/wordpress\/archives\/2591\">Weiterlesen <span class=\"meta-nav\">&rarr;<\/span><\/a><\/p>\n","protected":false},"author":2,"featured_media":0,"comment_status":"closed","ping_status":"closed","sticky":false,"template":"","format":"standard","meta":{"footnotes":""},"categories":[1],"tags":[11],"class_list":["post-2591","post","type-post","status-publish","format-standard","hentry","category-allgemein","tag-kirche"],"_links":{"self":[{"href":"https:\/\/kirche-ostenfeld.de\/wordpress\/wp-json\/wp\/v2\/posts\/2591","targetHints":{"allow":["GET"]}}],"collection":[{"href":"https:\/\/kirche-ostenfeld.de\/wordpress\/wp-json\/wp\/v2\/posts"}],"about":[{"href":"https:\/\/kirche-ostenfeld.de\/wordpress\/wp-json\/wp\/v2\/types\/post"}],"author":[{"embeddable":true,"href":"https:\/\/kirche-ostenfeld.de\/wordpress\/wp-json\/wp\/v2\/users\/2"}],"replies":[{"embeddable":true,"href":"https:\/\/kirche-ostenfeld.de\/wordpress\/wp-json\/wp\/v2\/comments?post=2591"}],"version-history":[{"count":2,"href":"https:\/\/kirche-ostenfeld.de\/wordpress\/wp-json\/wp\/v2\/posts\/2591\/revisions"}],"predecessor-version":[{"id":2594,"href":"https:\/\/kirche-ostenfeld.de\/wordpress\/wp-json\/wp\/v2\/posts\/2591\/revisions\/2594"}],"wp:attachment":[{"href":"https:\/\/kirche-ostenfeld.de\/wordpress\/wp-json\/wp\/v2\/media?parent=2591"}],"wp:term":[{"taxonomy":"category","embeddable":true,"href":"https:\/\/kirche-ostenfeld.de\/wordpress\/wp-json\/wp\/v2\/categories?post=2591"},{"taxonomy":"post_tag","embeddable":true,"href":"https:\/\/kirche-ostenfeld.de\/wordpress\/wp-json\/wp\/v2\/tags?post=2591"}],"curies":[{"name":"wp","href":"https:\/\/api.w.org\/{rel}","templated":true}]}}