{"id":2544,"date":"2016-11-30T18:43:50","date_gmt":"2016-11-30T17:43:50","guid":{"rendered":"http:\/\/kirche-ostenfeld.de\/wordpress\/?p=2544"},"modified":"2016-11-30T18:43:07","modified_gmt":"2016-11-30T17:43:07","slug":"wahlergebnis-der-kirchenwahl-2016-in-unserer-gemeinde","status":"publish","type":"post","link":"https:\/\/kirche-ostenfeld.de\/wordpress\/archives\/2544","title":{"rendered":"Wahlergebnis der Kirchenwahl 2016 in unserer Gemeinde"},"content":{"rendered":"<p><a href=\"https:\/\/kirche-ostenfeld.de\/wordpress\/wp-content\/uploads\/2016\/11\/St.-Petri-Ostenfeld.jpg\" rel=\"attachment wp-att-2546\"><img loading=\"lazy\" decoding=\"async\" class=\"alignleft size-thumbnail wp-image-2546\" src=\"https:\/\/kirche-ostenfeld.de\/wordpress\/wp-content\/uploads\/2016\/11\/St.-Petri-Ostenfeld-150x150.jpg\" alt=\"st-petri-ostenfeld\" width=\"150\" height=\"150\" \/><\/a>Bei den Wahlen zum Kirchengemeinderat am 1. Advent, 27. November 2016, sind folgende sechs Kandidaten und Kandidatinnen gew\u00e4hlt worden:<\/p>\n<p style=\"padding-left: 180px;\"><!--more-->1. Drawe, Dagobert<br \/>\n2. \u00dcberleer, Janke<br \/>\n3. Huper-Vogelgesang, Margrit<br \/>\n4. Petersen, Petra<br \/>\n5. Hansen, Sonja<br \/>\n6. Liljenqvist, Caroline<\/p>\n<p>Im Namen der Kirchengemeinde spreche ich ihnen allen als Stellvertretender Vorsitzender des Beauftragtengremiums meinen\u00a0 Gl\u00fcckwunsch aus und w\u00fcnsche ihnen Gottes Segen f\u00fcr ihre verantwortungsvolle Aufgabe. Sie werden umgehend schriftlich benachrichtigt, um ihre Bereitschaft zu erkl\u00e4ren, die Wahl anzunehmen.<\/p>\n<p>Ich danke auch den beiden weiteren KandidatInnen mit geringerer Stimmenzahl f\u00fcr ihre Bereitschaft zur Kandidatur und hoffe, dass auch sie bereit sind, sich weiter f\u00fcr das Wohl der Gemeinde einzusetzen.<br \/>\nDas Beauftragtengremium wird sich, wie vom Wahlgesetz vorgesehen, mit der Frage m\u00f6glicher Berufungen befassen. Die Einf\u00fchrung des neuen Kirchengemeinderats ist geplant f\u00fcr den Sonntag, 15. Januar 2017.<\/p>\n<p>Pastor i.R. Rudolf Lies<br \/>\nStellvertretender Vorsitzender des Beauftragtengremiums<\/p>\n<table border=\"1\" width=\"184\" cellspacing=\"0\">\n<tbody>\n<tr>\n<td style=\"border: solid Black 0.5pt; padding: 3.0pt 3.0pt 3.0pt 3.0pt;\" colspan=\"33\" valign=\"top\" width=\"184\"><b><span style=\"font-family: 'Verdana'; font-weight: bold;\"><a href=\"https:\/\/kirche-ostenfeld.de\/wordpress\/wp-content\/uploads\/2016\/10\/Dagobert-Drawe.jpg\" rel=\"attachment wp-att-2497\"><img loading=\"lazy\" decoding=\"async\" class=\"alignleft size-medium wp-image-2497\" title=\"\" src=\"https:\/\/kirche-ostenfeld.de\/wordpress\/wp-content\/uploads\/2016\/10\/Dagobert-Drawe-225x300.jpg\" alt=\"dagobert-drawe\" width=\"225\" height=\"300\" srcset=\"https:\/\/kirche-ostenfeld.de\/wordpress\/wp-content\/uploads\/2016\/10\/Dagobert-Drawe-225x300.jpg 225w, https:\/\/kirche-ostenfeld.de\/wordpress\/wp-content\/uploads\/2016\/10\/Dagobert-Drawe.jpg 768w\" sizes=\"auto, (max-width: 225px) 100vw, 225px\" \/><\/a><\/span><\/b><strong>Dagobert Drawe<\/strong><br \/>\n64 Jahre, Pension\u00e4r<br \/>\nHeidweg17,<br \/>\n25872 Ostenfeld<\/td>\n<\/tr>\n<tr>\n<td style=\"border: solid Black 0.5pt; padding: 3.0pt 3.0pt 3.0pt 3.0pt;\" colspan=\"33\" valign=\"top\" width=\"184\"><strong><a href=\"https:\/\/kirche-ostenfeld.de\/wordpress\/wp-content\/uploads\/2016\/10\/Janke-\u00dcberleer.jpg\" rel=\"attachment wp-att-2499\"><img loading=\"lazy\" decoding=\"async\" class=\"alignleft size-medium wp-image-2499\" title=\"\" src=\"https:\/\/kirche-ostenfeld.de\/wordpress\/wp-content\/uploads\/2016\/10\/Janke-\u00dcberleer-210x300.jpg\" alt=\"janke-ueberleer\" width=\"210\" height=\"300\" srcset=\"https:\/\/kirche-ostenfeld.de\/wordpress\/wp-content\/uploads\/2016\/10\/Janke-\u00dcberleer-210x300.jpg 210w, https:\/\/kirche-ostenfeld.de\/wordpress\/wp-content\/uploads\/2016\/10\/Janke-\u00dcberleer-768x1097.jpg 768w, https:\/\/kirche-ostenfeld.de\/wordpress\/wp-content\/uploads\/2016\/10\/Janke-\u00dcberleer-717x1024.jpg 717w, https:\/\/kirche-ostenfeld.de\/wordpress\/wp-content\/uploads\/2016\/10\/Janke-\u00dcberleer.jpg 1011w\" sizes=\"auto, (max-width: 210px) 100vw, 210px\" \/><\/a><\/strong><strong>Janke \u00dcberleer<\/strong><br \/>\n41 Jahre, Verwaltungsfachangestellte<br \/>\nDr.-Feddersen-Weg 12,<br \/>\n25872 Ostenfeld\u200b<\/td>\n<\/tr>\n<tr>\n<td style=\"border: solid Black 0.5pt; padding: 3.0pt 3.0pt 3.0pt 3.0pt;\" colspan=\"33\" valign=\"top\" width=\"184\"><b><span style=\"font-family: 'Verdana'; font-weight: bold;\"><a href=\"https:\/\/kirche-ostenfeld.de\/wordpress\/wp-content\/uploads\/2016\/10\/Margrit-Huper-Vogelgesang.jpg\" rel=\"attachment wp-att-2500\"><img loading=\"lazy\" decoding=\"async\" class=\"alignleft size-medium wp-image-2500\" src=\"https:\/\/kirche-ostenfeld.de\/wordpress\/wp-content\/uploads\/2016\/10\/Margrit-Huper-Vogelgesang-223x300.jpg\" alt=\"margrit-huper-vogelgesang\" width=\"223\" height=\"300\" srcset=\"https:\/\/kirche-ostenfeld.de\/wordpress\/wp-content\/uploads\/2016\/10\/Margrit-Huper-Vogelgesang-223x300.jpg 223w, https:\/\/kirche-ostenfeld.de\/wordpress\/wp-content\/uploads\/2016\/10\/Margrit-Huper-Vogelgesang-768x1031.jpg 768w, https:\/\/kirche-ostenfeld.de\/wordpress\/wp-content\/uploads\/2016\/10\/Margrit-Huper-Vogelgesang-763x1024.jpg 763w, https:\/\/kirche-ostenfeld.de\/wordpress\/wp-content\/uploads\/2016\/10\/Margrit-Huper-Vogelgesang.jpg 961w\" sizes=\"auto, (max-width: 223px) 100vw, 223px\" \/><\/a><\/span><\/b><strong>Margrit Huper-Vogelgesang<\/strong><br \/>\n60 Jahre, Hausfrau<br \/>\nNorden 2,<br \/>\n25872 Osterwittbekfeld<\/td>\n<\/tr>\n<tr>\n<td style=\"border: solid Black 0.5pt; padding: 3.0pt 3.0pt 3.0pt 3.0pt;\" colspan=\"33\" valign=\"top\" width=\"184\"><a href=\"https:\/\/kirche-ostenfeld.de\/wordpress\/wp-content\/uploads\/2016\/10\/Petra-Petersen.jpg\" rel=\"attachment wp-att-2502\"><img loading=\"lazy\" decoding=\"async\" class=\"alignleft size-medium wp-image-2502\" style=\"cursor: url('chrome:\/\/thumbnailzoomplus\/skin\/images\/tzp-cursor.gif'), crosshair;\" title=\"\" src=\"https:\/\/kirche-ostenfeld.de\/wordpress\/wp-content\/uploads\/2016\/10\/Petra-Petersen-225x300.jpg\" alt=\"petra-petersen\" width=\"225\" height=\"300\" srcset=\"https:\/\/kirche-ostenfeld.de\/wordpress\/wp-content\/uploads\/2016\/10\/Petra-Petersen-225x300.jpg 225w, https:\/\/kirche-ostenfeld.de\/wordpress\/wp-content\/uploads\/2016\/10\/Petra-Petersen.jpg 389w\" sizes=\"auto, (max-width: 225px) 100vw, 225px\" \/><\/a><strong>Petra Petersen<\/strong><br \/>\n55 Jahre, Verk\u00e4uferin<br \/>\nKnoll 15,<br \/>\n25872 Wittbek<\/td>\n<\/tr>\n<tr>\n<td style=\"border: solid Black 0.5pt; padding: 3.0pt 3.0pt 3.0pt 3.0pt;\" colspan=\"33\" valign=\"top\" width=\"184\"><b><\/b><a href=\"https:\/\/kirche-ostenfeld.de\/wordpress\/wp-content\/uploads\/2016\/10\/Sonja-Hansen-1.jpg\" rel=\"attachment wp-att-2504\"><img loading=\"lazy\" decoding=\"async\" class=\"alignleft size-medium wp-image-2504\" title=\"\" src=\"https:\/\/kirche-ostenfeld.de\/wordpress\/wp-content\/uploads\/2016\/10\/Sonja-Hansen-1-180x300.jpg\" alt=\"sonja-hansen\" width=\"180\" height=\"300\" srcset=\"https:\/\/kirche-ostenfeld.de\/wordpress\/wp-content\/uploads\/2016\/10\/Sonja-Hansen-1-180x300.jpg 180w, https:\/\/kirche-ostenfeld.de\/wordpress\/wp-content\/uploads\/2016\/10\/Sonja-Hansen-1-768x1280.jpg 768w, https:\/\/kirche-ostenfeld.de\/wordpress\/wp-content\/uploads\/2016\/10\/Sonja-Hansen-1-614x1024.jpg 614w, https:\/\/kirche-ostenfeld.de\/wordpress\/wp-content\/uploads\/2016\/10\/Sonja-Hansen-1.jpg 1536w\" sizes=\"auto, (max-width: 180px) 100vw, 180px\" \/><\/a><strong>Sonja Hansen<\/strong><br \/>\n37 Jahre, B.Sc. agr.<br \/>\nStraussweg 5,<br \/>\n25887 Winnert<\/td>\n<\/tr>\n<tr>\n<td style=\"border: solid Black 0.5pt; padding: 3.0pt 3.0pt 3.0pt 3.0pt;\" colspan=\"33\" valign=\"top\" width=\"184\"><b><\/b><a href=\"https:\/\/kirche-ostenfeld.de\/wordpress\/wp-content\/uploads\/2016\/10\/Caroline-Liljenqvist.jpg\" rel=\"attachment wp-att-2496\"><img loading=\"lazy\" decoding=\"async\" class=\"alignleft size-medium wp-image-2496\" style=\"cursor: url('chrome:\/\/thumbnailzoomplus\/skin\/images\/tzp-cursor.gif'), crosshair;\" title=\"\" src=\"https:\/\/kirche-ostenfeld.de\/wordpress\/wp-content\/uploads\/2016\/10\/Caroline-Liljenqvist-232x300.jpg\" alt=\"caroline-liljenqvist\" width=\"232\" height=\"300\" srcset=\"https:\/\/kirche-ostenfeld.de\/wordpress\/wp-content\/uploads\/2016\/10\/Caroline-Liljenqvist-232x300.jpg 232w, https:\/\/kirche-ostenfeld.de\/wordpress\/wp-content\/uploads\/2016\/10\/Caroline-Liljenqvist.jpg 768w\" sizes=\"auto, (max-width: 232px) 100vw, 232px\" \/><\/a><strong>Caroline Liljenqvist<\/strong><br \/>\n45 Jahre, Betriebswirtin<br \/>\nOhrstedter Stra\u00dfe 12,<br \/>\n25072 Ostenfeld<\/td>\n<\/tr>\n<\/tbody>\n<\/table>\n<p>&nbsp;<\/p>\n","protected":false},"excerpt":{"rendered":"<p>Bei den Wahlen zum Kirchengemeinderat am 1. Advent, 27. November 2016, sind folgende sechs Kandidaten und Kandidatinnen gew\u00e4hlt worden:<\/p>\n","protected":false},"author":2,"featured_media":0,"comment_status":"closed","ping_status":"closed","sticky":false,"template":"","format":"standard","meta":{"footnotes":""},"categories":[1],"tags":[27],"class_list":["post-2544","post","type-post","status-publish","format-standard","hentry","category-allgemein","tag-ehrenamt"],"_links":{"self":[{"href":"https:\/\/kirche-ostenfeld.de\/wordpress\/wp-json\/wp\/v2\/posts\/2544","targetHints":{"allow":["GET"]}}],"collection":[{"href":"https:\/\/kirche-ostenfeld.de\/wordpress\/wp-json\/wp\/v2\/posts"}],"about":[{"href":"https:\/\/kirche-ostenfeld.de\/wordpress\/wp-json\/wp\/v2\/types\/post"}],"author":[{"embeddable":true,"href":"https:\/\/kirche-ostenfeld.de\/wordpress\/wp-json\/wp\/v2\/users\/2"}],"replies":[{"embeddable":true,"href":"https:\/\/kirche-ostenfeld.de\/wordpress\/wp-json\/wp\/v2\/comments?post=2544"}],"version-history":[{"count":8,"href":"https:\/\/kirche-ostenfeld.de\/wordpress\/wp-json\/wp\/v2\/posts\/2544\/revisions"}],"predecessor-version":[{"id":2553,"href":"https:\/\/kirche-ostenfeld.de\/wordpress\/wp-json\/wp\/v2\/posts\/2544\/revisions\/2553"}],"wp:attachment":[{"href":"https:\/\/kirche-ostenfeld.de\/wordpress\/wp-json\/wp\/v2\/media?parent=2544"}],"wp:term":[{"taxonomy":"category","embeddable":true,"href":"https:\/\/kirche-ostenfeld.de\/wordpress\/wp-json\/wp\/v2\/categories?post=2544"},{"taxonomy":"post_tag","embeddable":true,"href":"https:\/\/kirche-ostenfeld.de\/wordpress\/wp-json\/wp\/v2\/tags?post=2544"}],"curies":[{"name":"wp","href":"https:\/\/api.w.org\/{rel}","templated":true}]}}