{"id":2290,"date":"2016-06-06T07:49:35","date_gmt":"2016-06-06T06:49:35","guid":{"rendered":"http:\/\/kirche-ostenfeld.de\/wordpress\/?p=2290"},"modified":"2016-06-06T08:40:51","modified_gmt":"2016-06-06T07:40:51","slug":"erleben-der-langsamkeit","status":"publish","type":"post","link":"https:\/\/kirche-ostenfeld.de\/wordpress\/archives\/2290","title":{"rendered":"Erleben der Langsamkeit"},"content":{"rendered":"<div id=\"attachment_2297\" style=\"width: 310px\" class=\"wp-caption alignleft\"><a href=\"https:\/\/kirche-ostenfeld.de\/wordpress\/wp-content\/uploads\/2016\/06\/Santiago-de-Compostela-k.jpg\" rel=\"attachment wp-att-2297\"><img loading=\"lazy\" decoding=\"async\" aria-describedby=\"caption-attachment-2297\" class=\"size-medium wp-image-2297\" src=\"https:\/\/kirche-ostenfeld.de\/wordpress\/wp-content\/uploads\/2016\/06\/Santiago-de-Compostela-k-300x233.jpg\" alt=\"\u00a9 Manfred Boelke \/ pixelio.de\" width=\"300\" height=\"233\" srcset=\"https:\/\/kirche-ostenfeld.de\/wordpress\/wp-content\/uploads\/2016\/06\/Santiago-de-Compostela-k-300x233.jpg 300w, https:\/\/kirche-ostenfeld.de\/wordpress\/wp-content\/uploads\/2016\/06\/Santiago-de-Compostela-k-768x598.jpg 768w, https:\/\/kirche-ostenfeld.de\/wordpress\/wp-content\/uploads\/2016\/06\/Santiago-de-Compostela-k.jpg 987w\" sizes=\"auto, (max-width: 300px) 100vw, 300px\" \/><\/a><p id=\"caption-attachment-2297\" class=\"wp-caption-text\">\u00a9 Manfred Boelke \/ pixelio.de<\/p><\/div>\n<p>Auf dem gut besuchten Gemeindenachmittag im Mai hielt J\u00fcrgen Hansen einen Bildervortrag zu seiner Wanderung auf dem Jakobsweg. Er war 35 Jahre lang Lehrer an der TSS in Husum gewesen, diese Reise unternahm er nach seiner Pensionierung im Fr\u00fchjahr 2011, um Abstand vom aktiven Leben an der Schule zu bekommen. <!--more-->Ausger\u00fcstet mit Pilgerpass und Jakobsmuschel, die fr\u00fcher zum Wassersch\u00f6pfen verwendet wurde, mit Stiefeln, Wanderst\u00f6cken, Reisef\u00fchrer und Rucksack ging es los. Mehr als sechs Wochen dauerte die etwa 800 km lange Wanderung von den Pyren\u00e4en bis Santiago de Compostela. Hier liegt der \u00dcberlieferung nach der Apostel Jakobus begraben.<br \/>\nDurch den lebendigen Vortrag und die vielen Bilder hatte man beinahe das Gef\u00fchl, mit dabei gewesen zu sein. Wir sahen Bilder von Landschaften, Wegen, mittelalterlichen Br\u00fccken, Kathedralen, Kl\u00f6stern, Kapellen, Herbergen, steinerne Wegzeichen und Menschen auf der Wanderung. J\u00fcrgen Hansen erz\u00e4hlte auch Interessantes \u00fcber die Entstehung von Br\u00e4uchen, z.B. dass das Gehen des Jakobswegs im Mittelalter als M\u00f6glichkeit zur Vergebung der S\u00fcnden angesehen wurde und deshalb Kontrolle unterwegs n\u00f6tig war. Bis heute l\u00e4sst man sich in den Herbergen seine Anwesenheit abstempeln. Bis heute ist der Jakobsweg auch eine spirituelle Wanderung, die an zahlreichen Spuren der christlichen Vergangenheit vorbeif\u00fchrt und zur Reflexion einl\u00e4dt.<\/p>\n<div id=\"attachment_2296\" style=\"width: 310px\" class=\"wp-caption alignleft\"><a href=\"https:\/\/kirche-ostenfeld.de\/wordpress\/wp-content\/uploads\/2016\/06\/Hinweisschild-Jakobsweg-Holzpfeil-k.jpg\" rel=\"attachment wp-att-2296\"><img loading=\"lazy\" decoding=\"async\" aria-describedby=\"caption-attachment-2296\" class=\"size-medium wp-image-2296\" src=\"https:\/\/kirche-ostenfeld.de\/wordpress\/wp-content\/uploads\/2016\/06\/Hinweisschild-Jakobsweg-Holzpfeil-k-300x200.jpg\" alt=\"\u00a9 Andreas Brockmann \/ pixelio.de\" width=\"300\" height=\"200\" srcset=\"https:\/\/kirche-ostenfeld.de\/wordpress\/wp-content\/uploads\/2016\/06\/Hinweisschild-Jakobsweg-Holzpfeil-k-300x200.jpg 300w, https:\/\/kirche-ostenfeld.de\/wordpress\/wp-content\/uploads\/2016\/06\/Hinweisschild-Jakobsweg-Holzpfeil-k-768x512.jpg 768w, https:\/\/kirche-ostenfeld.de\/wordpress\/wp-content\/uploads\/2016\/06\/Hinweisschild-Jakobsweg-Holzpfeil-k.jpg 1024w\" sizes=\"auto, (max-width: 300px) 100vw, 300px\" \/><\/a><p id=\"caption-attachment-2296\" class=\"wp-caption-text\">\u00a9 Andreas Brockmann \/ pixelio.de<\/p><\/div>\n<p>Die Herbergen werden von ehemaligen Pilgern aus aller Welt betreut. Man darf nur eine Nacht bleiben. Sie sind sehr einfache billige Unterk\u00fcnfte, morgens geht man sehr fr\u00fch los, abends erquickt ein 3-G\u00e4nge-Men\u00fc und ein Glas Wein, dann sinkt man gegen 20.30 Uhr in den wohlverdienten Schlaf. Es gibt auch einige alte Herbergen, in denen nach der Abendandacht das Essen gemeinsam zu bereitet wird.<br \/>\nIn den Herbergen beim Essen oder beim W\u00e4schewaschen, unterwegs an Brunnen l\u00e4ngs des Weges oder bei Pausen auf steinernen B\u00e4nken entstehen Kontakte zu anderen Pilgern. Denn auch wenn es am besten ist, allein zu wandern um mit den eigenen Gedanken konfrontiert zu sein, so ist der abendliche Kontakt doch unverzichtbar und f\u00fchrt oft zu einem tiefen Gedankenaustausch.<br \/>\nDer Pilgerweg bietet viele M\u00f6glichkeiten sich zu verirren. Man lernt aber mit der Zeit, nicht nur die gro\u00dfen steinernen, sondern auch ganz kleine Wegweiser oder gelbe Pfeile zu finden. Zudem ist die Bev\u00f6lkerung sehr hilfsbereit. Wer das Ziel erreicht hat, holt sich im Pilgerb\u00fcro seine Urkunde. In einer Messe werden die Pilger dann \u00f6ffentlich gew\u00fcrdigt.<\/p>\n<p>Zum Schluss des Vortrages sahen wir eine Skulptur aus Santiago de Compostela, die die griechischen Buchstaben f\u00fcr \u201eAnfang und Ende\u201c vertauscht hat, sodass man liest \u201eEnde und Anfang\u201c. So wird symbolisch deutlich: Hier endet der Jakobsweg und hier beginnt dein neues Leben.<br \/>\nTrotz der Anstrengung, sechs Wochen lang jeden Tag 25 km oder mehr zu wandern, hat J\u00fcrgen Hansen diese Reise als Erholung erlebt: Es war keine weitere Planung n\u00f6tig, der Weg lag fest, Unterk\u00fcnfte gab es genug und man konnte in seinem eigenen Tempo die Strecke zur\u00fcck legen. Es dauerte etwa vierzehn Tage, bis er gelernt hatte, alles fallen zu lassen. Darum war es gut, dass er sich so viel Zeit f\u00fcr die Wanderung nehmen konnte.<\/p>\n<p>Ich nehme aus diesem Vortrag mit, wie wichtig und bereichernd es ist, an die eigenen Grenzen zu kommen, sich einer Aufgabe zu stellen und zu erleben, dass der Weg das Ziel ist. Es ist f\u00fcr mich ein Ansto\u00df, Langsamkeit und bewusste Wahrnehmung in den Alltag zu bringen, jenseits des Jakobwegs.<\/p>\n<p style=\"text-align: right;\">Irmtraut Mitzkus<\/p>\n","protected":false},"excerpt":{"rendered":"<p>Auf dem gut besuchten Gemeindenachmittag im Mai hielt J\u00fcrgen Hansen einen Bildervortrag zu seiner Wanderung auf dem Jakobsweg. Er war 35 Jahre lang Lehrer an der TSS in Husum gewesen, diese Reise unternahm er nach seiner Pensionierung im Fr\u00fchjahr 2011, &hellip; <a href=\"https:\/\/kirche-ostenfeld.de\/wordpress\/archives\/2290\">Weiterlesen <span class=\"meta-nav\">&rarr;<\/span><\/a><\/p>\n","protected":false},"author":2,"featured_media":0,"comment_status":"closed","ping_status":"closed","sticky":false,"template":"","format":"standard","meta":{"footnotes":""},"categories":[1],"tags":[12,26,11,22],"class_list":["post-2290","post","type-post","status-publish","format-standard","hentry","category-allgemein","tag-angebote","tag-glauben","tag-kirche","tag-unterwegs"],"_links":{"self":[{"href":"https:\/\/kirche-ostenfeld.de\/wordpress\/wp-json\/wp\/v2\/posts\/2290","targetHints":{"allow":["GET"]}}],"collection":[{"href":"https:\/\/kirche-ostenfeld.de\/wordpress\/wp-json\/wp\/v2\/posts"}],"about":[{"href":"https:\/\/kirche-ostenfeld.de\/wordpress\/wp-json\/wp\/v2\/types\/post"}],"author":[{"embeddable":true,"href":"https:\/\/kirche-ostenfeld.de\/wordpress\/wp-json\/wp\/v2\/users\/2"}],"replies":[{"embeddable":true,"href":"https:\/\/kirche-ostenfeld.de\/wordpress\/wp-json\/wp\/v2\/comments?post=2290"}],"version-history":[{"count":2,"href":"https:\/\/kirche-ostenfeld.de\/wordpress\/wp-json\/wp\/v2\/posts\/2290\/revisions"}],"predecessor-version":[{"id":2298,"href":"https:\/\/kirche-ostenfeld.de\/wordpress\/wp-json\/wp\/v2\/posts\/2290\/revisions\/2298"}],"wp:attachment":[{"href":"https:\/\/kirche-ostenfeld.de\/wordpress\/wp-json\/wp\/v2\/media?parent=2290"}],"wp:term":[{"taxonomy":"category","embeddable":true,"href":"https:\/\/kirche-ostenfeld.de\/wordpress\/wp-json\/wp\/v2\/categories?post=2290"},{"taxonomy":"post_tag","embeddable":true,"href":"https:\/\/kirche-ostenfeld.de\/wordpress\/wp-json\/wp\/v2\/tags?post=2290"}],"curies":[{"name":"wp","href":"https:\/\/api.w.org\/{rel}","templated":true}]}}