{"id":2184,"date":"2016-03-31T08:42:55","date_gmt":"2016-03-31T07:42:55","guid":{"rendered":"http:\/\/kirche-ostenfeld.de\/wordpress\/?p=2184"},"modified":"2016-03-31T08:43:57","modified_gmt":"2016-03-31T07:43:57","slug":"neues-vom-foerderverein-unserer-kita","status":"publish","type":"post","link":"https:\/\/kirche-ostenfeld.de\/wordpress\/archives\/2184","title":{"rendered":"Neues vom F\u00f6rderverein unserer Kita"},"content":{"rendered":"<p><a href=\"https:\/\/kirche-ostenfeld.de\/wordpress\/wp-content\/uploads\/2016\/03\/Kita-Spielgeraet-2-k.jpg\" rel=\"attachment wp-att-2185\"><img loading=\"lazy\" decoding=\"async\" class=\"alignleft size-medium wp-image-2185\" src=\"https:\/\/kirche-ostenfeld.de\/wordpress\/wp-content\/uploads\/2016\/03\/Kita-Spielgeraet-2-k-300x200.jpg\" alt=\"Kita Spielgeraet 2 k\" width=\"300\" height=\"200\" srcset=\"https:\/\/kirche-ostenfeld.de\/wordpress\/wp-content\/uploads\/2016\/03\/Kita-Spielgeraet-2-k-300x200.jpg 300w, https:\/\/kirche-ostenfeld.de\/wordpress\/wp-content\/uploads\/2016\/03\/Kita-Spielgeraet-2-k-768x512.jpg 768w, https:\/\/kirche-ostenfeld.de\/wordpress\/wp-content\/uploads\/2016\/03\/Kita-Spielgeraet-2-k.jpg 1024w\" sizes=\"auto, (max-width: 300px) 100vw, 300px\" \/><\/a>Am 24. Februar fand die allj\u00e4hrliche Mitgliederversammlung des F\u00f6rdervereins der evangelischen Kindertagesst\u00e4tte Ostenfeld statt. Dort hat der Vorstand \u00fcber seine T\u00e4tigkeit im vergangenen Jahr berichtet. <!--more--><br \/>\nZiel des F\u00f6rdervereins ist es, sich f\u00fcr die Erhaltung eines Umfeldes einzusetzen, in dem die Kinder Freude an ihren Gruppenr\u00e4umen und Spielm\u00f6glichkeiten haben.<\/p>\n<p>Im vergangenen Jahr wurde wieder vieles durch den F\u00f6rderverein erm\u00f6glicht. Hierzu geh\u00f6rt, wie jedes Jahr, die Finanzierung eines Selbstbehauptungskurses f\u00fcr alle Vorschulkinder. Au\u00dferdem wurden diverse Spielger\u00e4te f\u00fcr den Au\u00dfenbereich der Kindertagesst\u00e4tte angeschafft, und auch die Waldgruppe freute sich \u00fcber die Anschaffung neuer Kletterseile. Die Krippenkinder wurden mit einer tollen Nestschaukel bedacht.<\/p>\n<p>Wichtig ist dem Vorstand, dass alle Kinder in allen Gruppen der Kindertagesst\u00e4tte ber\u00fccksichtigt werden, was im vergangenen Jahr gut gelungen ist. Seit nunmehr zwei Jahren arbeitet der Vorstand bestehend aus Helge Schlemeier (1. Vorsitzender), Volker Nicolaysen (2. Vorsitzender) und Sandra Rahn (Kassenwartin) zusammen und kann mittlerweile einen guten Zuwachs an Mitgliedern verzeichnen, der aber gerne noch ausgebaut werden darf. Der Mitgliedsbeitrag von mindestens 5 Euro pro Jahr soll so vielen Familien wie m\u00f6glich erm\u00f6glichen, den Verein zu unterst\u00fctzen.<br \/>\nAuch \u00fcber Einzelspenden freut sich der F\u00f6rderverein, denn s\u00e4mtliche Betr\u00e4ge kommen in vollem Umfang den Kindern zugute.<\/p>\n<p>Hier geht ein gro\u00dfer Dank an den HGV, der den Verein beim Wandertag im letzten Jahr bedacht hat, und an den Wittbeker Krog, an dessen Lottoveranstaltungen der Verein mehrmals j\u00e4hrlich teilnehmen und profitieren darf. Au\u00dferdem gab es auch im letzten Jahr wieder eine betr\u00e4chtliche Summe vom B\u00fcrgerwindpark, f\u00fcr die der Vorstand schon eine Verwendung gefunden hat.<\/p>\n<p>Auch zuk\u00fcnftig k\u00f6nnen sich die Kinder also wieder auf tolle Projekte und Anschaffungen freuen. Wer Gefallen an der Arbeit des Kita-F\u00f6rdervereins findet und die Projekte mit Ideen oder finanziell unterst\u00fctzen m\u00f6chte, darf sich gern mit dem Vorstand in Verbindung setzen oder seine Beitrittserkl\u00e4rung in der Kindertagesst\u00e4tte abgeben. Beitrittserkl\u00e4rungen liegen in den R\u00e4umen der Kita, im Gemeindehaus und beim Frischemarkt Lunks aus.<\/p>\n<p>Jedes neue Mitglied ist herzlich willkommen!<br \/>\nSandra Rahn<\/p>\n","protected":false},"excerpt":{"rendered":"<p>Am 24. Februar fand die allj\u00e4hrliche Mitgliederversammlung des F\u00f6rdervereins der evangelischen Kindertagesst\u00e4tte Ostenfeld statt. Dort hat der Vorstand \u00fcber seine T\u00e4tigkeit im vergangenen Jahr berichtet.<\/p>\n","protected":false},"author":2,"featured_media":0,"comment_status":"closed","ping_status":"closed","sticky":false,"template":"","format":"standard","meta":{"footnotes":""},"categories":[1],"tags":[12,3],"class_list":["post-2184","post","type-post","status-publish","format-standard","hentry","category-allgemein","tag-angebote","tag-kinder"],"_links":{"self":[{"href":"https:\/\/kirche-ostenfeld.de\/wordpress\/wp-json\/wp\/v2\/posts\/2184","targetHints":{"allow":["GET"]}}],"collection":[{"href":"https:\/\/kirche-ostenfeld.de\/wordpress\/wp-json\/wp\/v2\/posts"}],"about":[{"href":"https:\/\/kirche-ostenfeld.de\/wordpress\/wp-json\/wp\/v2\/types\/post"}],"author":[{"embeddable":true,"href":"https:\/\/kirche-ostenfeld.de\/wordpress\/wp-json\/wp\/v2\/users\/2"}],"replies":[{"embeddable":true,"href":"https:\/\/kirche-ostenfeld.de\/wordpress\/wp-json\/wp\/v2\/comments?post=2184"}],"version-history":[{"count":3,"href":"https:\/\/kirche-ostenfeld.de\/wordpress\/wp-json\/wp\/v2\/posts\/2184\/revisions"}],"predecessor-version":[{"id":2188,"href":"https:\/\/kirche-ostenfeld.de\/wordpress\/wp-json\/wp\/v2\/posts\/2184\/revisions\/2188"}],"wp:attachment":[{"href":"https:\/\/kirche-ostenfeld.de\/wordpress\/wp-json\/wp\/v2\/media?parent=2184"}],"wp:term":[{"taxonomy":"category","embeddable":true,"href":"https:\/\/kirche-ostenfeld.de\/wordpress\/wp-json\/wp\/v2\/categories?post=2184"},{"taxonomy":"post_tag","embeddable":true,"href":"https:\/\/kirche-ostenfeld.de\/wordpress\/wp-json\/wp\/v2\/tags?post=2184"}],"curies":[{"name":"wp","href":"https:\/\/api.w.org\/{rel}","templated":true}]}}