{"id":2157,"date":"2016-03-15T09:59:53","date_gmt":"2016-03-15T08:59:53","guid":{"rendered":"http:\/\/kirche-ostenfeld.de\/wordpress\/?p=2157"},"modified":"2016-03-26T12:06:13","modified_gmt":"2016-03-26T11:06:13","slug":"passionszeit-und-ostern-2","status":"publish","type":"post","link":"https:\/\/kirche-ostenfeld.de\/wordpress\/archives\/2157","title":{"rendered":"Passionszeit und Ostern"},"content":{"rendered":"<p><a href=\"https:\/\/kirche-ostenfeld.de\/wordpress\/wp-content\/uploads\/2016\/03\/Kirche-Gegenlicht-k.jpg\"><img loading=\"lazy\" decoding=\"async\" class=\"alignleft size-medium wp-image-2160\" title=\"Kirche Gegenlicht k\" src=\"https:\/\/kirche-ostenfeld.de\/wordpress\/wp-content\/uploads\/2016\/03\/Kirche-Gegenlicht-k-300x199.jpg\" alt=\"\" width=\"300\" height=\"199\" srcset=\"https:\/\/kirche-ostenfeld.de\/wordpress\/wp-content\/uploads\/2016\/03\/Kirche-Gegenlicht-k-300x199.jpg 300w, https:\/\/kirche-ostenfeld.de\/wordpress\/wp-content\/uploads\/2016\/03\/Kirche-Gegenlicht-k.jpg 448w\" sizes=\"auto, (max-width: 300px) 100vw, 300px\" \/><\/a>Die Passions- und Oster\u00fcberlieferungen der Bibel sind das Herzst\u00fcck des christlichen Glaubens. Sie f\u00fchren von Leid und Tod hin zur Auferstehung und zum Leben. Diese Geschichten bewusst und zusammenh\u00e4ngend mitzu(er)leben und mitzufeiern, dazu laden die Gottesdienste von Gr\u00fcndonnerstag bis Ostersonntag ein:<\/p>\n<p><!--more-->Mit dem Feierabendmahl am <strong>Gr\u00fcndonnerstag <\/strong>erinnern wir an das letzte Abendmahl Jesu und seiner J\u00fcnger. Auf dem festlich gedeckten Tisch in der Kirche werden frisches Brot und K\u00e4se, Trauben, Wein und Wasser f\u00fcr alle bereit stehen. Texte und Lieder, geben dem Mahl einen feierlichen, gottesdienstlichen Rahmen. Donnerstag, 24. M\u00e4rz, 19.30 Uhr in der St. Petri-Kirche. Wenn es Ihnen m\u00f6glich ist, melden Sie sich im Kirchenb\u00fcro an.<\/p>\n<p>Am <strong>Karfreitag <\/strong>feiern wir um 9.30 Uhr Gottesdienst. Wir denken an das Leiden Jesu und an seinen gewaltsamen Tod am Kreuz. Die Kirche wird ohne Schmuck sein, die Glocken schweigen an diesem Tag.<\/p>\n<p>Am <strong>Ostersonntag<\/strong>, dem Tag der Auferstehung, feiern wir um 6 Uhr zum Sonnenaufgang eine <strong>Osterfr\u00fchandacht<\/strong>. Die neue Osterkerze wird hereingetragen, das Osterlicht verbreitet sich in der Gemeinde \u2013 mit der Nachricht vom leeren Grab und der Auferstehung Jesu. Wir feiern das Licht des Lebens.<br \/>\nIm Anschluss sind alle zu einem kleinen Osterfr\u00fchst\u00fcck in den Gemeindesaal eingeladen \u2013 mit Osterbrot, Kaffee und Tee &#8230; (beachten Sie den Beginn der Sommerzeit!)<\/p>\n<p>Der Hauptgottesdienst am <strong>Ostersonntag <\/strong>wird als <strong>Gottesdienst f\u00fcr alle Generationen<\/strong> ebenfalls von \u00f6sterlicher Freude gepr\u00e4gt sein. Wir feiern Taufe! Alle sind eingeladen sich anstecken zu lassen und das Leben miteinander zu feiern. Der Gottesdienst beginnt um 9.30 Uhr.<\/p>\n<div id=\"_mcePaste\" style=\"position: absolute; left: -10000px; top: 0px; width: 1px; height: 1px; overflow: hidden;\">\n<p><!-- [if !mso]> <mce:style><! v\\:* {behavior:url(#default#VML);} o\\:* {behavior:url(#default#VML);} b\\:* {behavior:url(#default#VML);} .shape {behavior:url(#default#VML);} --> <!--[endif] --><\/p>\n<p class=\"MsoNormal\" style=\"mso-pagination: none; line-height: 110%;\"><span style=\"font-size: 11.0pt; line-height: 110%; font-family: Verdana; mso-default-font-family: Verdana; mso-ascii-font-family: Verdana; mso-latin-font-family: Verdana; mso-greek-font-family: Verdana; mso-cyrillic-font-family: Verdana; mso-armenian-font-family: Verdana; mso-hebrew-font-family: Verdana; mso-thai-font-family: Verdana; mso-currency-font-family: Verdana; mso-latinext-font-family: Verdana; color: black; font-style: italic; language: DE; mso-ansi-language: DE;\">Die Passions- und Oster\u00fcberlieferungen der Bibel sind das Herzst\u00fcck des christlichen Glaubens. Sie f\u00fchren von Leid und Tod hin zur Auferstehung und zum Leben. <\/span><\/p>\n<p class=\"MsoNormal\" style=\"mso-pagination: none; line-height: 110%;\"><span style=\"font-size: 11.0pt; line-height: 110%; font-family: Verdana; mso-default-font-family: Verdana; mso-ascii-font-family: Verdana; mso-latin-font-family: Verdana; mso-greek-font-family: Verdana; mso-cyrillic-font-family: Verdana; mso-armenian-font-family: Verdana; mso-hebrew-font-family: Verdana; mso-thai-font-family: Verdana; mso-currency-font-family: Verdana; mso-latinext-font-family: Verdana; color: black; font-style: italic; language: DE; mso-ansi-language: DE;\">Diese Geschichten bewusst und zusammenh\u00e4ngend mitzu(er)-leben und mitzufeiern, dazu laden die Gottesdienste von Gr\u00fcndonnerstag bis Oster-sonntag ein:<\/span><\/p>\n<p class=\"MsoNormal\" style=\"mso-pagination: none; line-height: 110%;\">\n<p class=\"MsoNormal\" style=\"mso-pagination: none; line-height: 110%;\"><span style=\"font-size: 11.0pt; line-height: 110%; font-family: Verdana; mso-default-font-family: Verdana; mso-ascii-font-family: Verdana; mso-latin-font-family: Verdana; mso-greek-font-family: Verdana; mso-cyrillic-font-family: Verdana; mso-armenian-font-family: Verdana; mso-hebrew-font-family: Verdana; mso-thai-font-family: Verdana; mso-currency-font-family: Verdana; mso-latinext-font-family: Verdana; color: black; font-style: italic; language: DE; mso-ansi-language: DE;\">Mit dem Feierabendmahl am <\/span><span style=\"font-size: 11.0pt; line-height: 110%; font-family: Verdana; mso-default-font-family: Verdana; mso-ascii-font-family: Verdana; mso-latin-font-family: Verdana; mso-greek-font-family: Verdana; mso-cyrillic-font-family: Verdana; mso-armenian-font-family: Verdana; mso-hebrew-font-family: Verdana; mso-thai-font-family: Verdana; mso-currency-font-family: Verdana; mso-latinext-font-family: Verdana; color: black; font-style: italic; font-weight: bold; language: DE; mso-ansi-language: DE;\">Gr\u00fcndonnerstag <\/span><span style=\"font-size: 11.0pt; line-height: 110%; font-family: Verdana; mso-default-font-family: Verdana; mso-ascii-font-family: Verdana; mso-latin-font-family: Verdana; mso-greek-font-family: Verdana; mso-cyrillic-font-family: Verdana; mso-armenian-font-family: Verdana; mso-hebrew-font-family: Verdana; mso-thai-font-family: Verdana; mso-currency-font-family: Verdana; mso-latinext-font-family: Verdana; color: black; font-style: italic; language: DE; mso-ansi-language: DE;\">erinnern wir an das letzte Abendmahl Jesu und seiner J\u00fcnger. Auf dem festlich gedeckten Tisch in der Kirche werden frisches Brot und K\u00e4se, Trauben, Wein und Wasser f\u00fcr alle bereit stehen. Texte und Lieder, geben dem Mahl einen feierlichen, <\/span><\/p>\n<p class=\"MsoNormal\" style=\"mso-pagination: none; line-height: 110%;\"><span style=\"font-size: 11.0pt; line-height: 110%; font-family: Verdana; mso-default-font-family: Verdana; mso-ascii-font-family: Verdana; mso-latin-font-family: Verdana; mso-greek-font-family: Verdana; mso-cyrillic-font-family: Verdana; mso-armenian-font-family: Verdana; mso-hebrew-font-family: Verdana; mso-thai-font-family: Verdana; mso-currency-font-family: Verdana; mso-latinext-font-family: Verdana; color: black; font-style: italic; language: DE; mso-ansi-language: DE;\">gottesdienstlichen Rahmen.<\/span><\/p>\n<p class=\"MsoNormal\" style=\"mso-pagination: none; line-height: 110%;\"><span style=\"font-size: 11.0pt; line-height: 110%; font-family: Verdana; mso-default-font-family: Verdana; mso-ascii-font-family: Verdana; mso-latin-font-family: Verdana; mso-greek-font-family: Verdana; mso-cyrillic-font-family: Verdana; mso-armenian-font-family: Verdana; mso-hebrew-font-family: Verdana; mso-thai-font-family: Verdana; mso-currency-font-family: Verdana; mso-latinext-font-family: Verdana; color: black; font-style: italic; language: DE; mso-ansi-language: DE;\">Donnerstag, <\/span><span style=\"font-size: 11pt; line-height: 110%; font-family: Verdana; color: black; font-style: italic; text-decoration: underline;\">24. M\u00e4rz<\/span><span style=\"font-size: 11.0pt; line-height: 110%; font-family: Verdana; mso-default-font-family: Verdana; mso-ascii-font-family: Verdana; mso-latin-font-family: Verdana; mso-greek-font-family: Verdana; mso-cyrillic-font-family: Verdana; mso-armenian-font-family: Verdana; mso-hebrew-font-family: Verdana; mso-thai-font-family: Verdana; mso-currency-font-family: Verdana; mso-latinext-font-family: Verdana; color: black; font-style: italic; language: DE; mso-ansi-language: DE;\">, 19.30 Uhr in der St. Petri-Kirche. Wenn es Ihnen m\u00f6glich ist, melden Sie sich im <\/span><\/p>\n<p class=\"MsoNormal\" style=\"mso-pagination: none; line-height: 110%;\"><span style=\"font-size: 11.0pt; line-height: 110%; font-family: Verdana; mso-default-font-family: Verdana; mso-ascii-font-family: Verdana; mso-latin-font-family: Verdana; mso-greek-font-family: Verdana; mso-cyrillic-font-family: Verdana; mso-armenian-font-family: Verdana; mso-hebrew-font-family: Verdana; mso-thai-font-family: Verdana; mso-currency-font-family: Verdana; mso-latinext-font-family: Verdana; color: black; font-style: italic; language: DE; mso-ansi-language: DE;\">Kirchenb\u00fcro an.<\/span><\/p>\n<p class=\"MsoNormal\" style=\"mso-pagination: none; line-height: 110%;\">\n<p class=\"MsoNormal\" style=\"mso-pagination: none; line-height: 110%;\"><span style=\"font-size: 11.0pt; line-height: 110%; font-family: Verdana; mso-default-font-family: Verdana; mso-ascii-font-family: Verdana; mso-latin-font-family: Verdana; mso-greek-font-family: Verdana; mso-cyrillic-font-family: Verdana; mso-armenian-font-family: Verdana; mso-hebrew-font-family: Verdana; mso-thai-font-family: Verdana; mso-currency-font-family: Verdana; mso-latinext-font-family: Verdana; color: black; font-style: italic; language: DE; mso-ansi-language: DE;\">Am <\/span><span style=\"font-size: 11.0pt; line-height: 110%; font-family: Verdana; mso-default-font-family: Verdana; mso-ascii-font-family: Verdana; mso-latin-font-family: Verdana; mso-greek-font-family: Verdana; mso-cyrillic-font-family: Verdana; mso-armenian-font-family: Verdana; mso-hebrew-font-family: Verdana; mso-thai-font-family: Verdana; mso-currency-font-family: Verdana; mso-latinext-font-family: Verdana; color: black; font-style: italic; font-weight: bold; language: DE; mso-ansi-language: DE;\">Karfreitag<\/span><span style=\"font-size: 11.0pt; line-height: 110%; font-family: Verdana; mso-default-font-family: Verdana; mso-ascii-font-family: Verdana; mso-latin-font-family: Verdana; mso-greek-font-family: Verdana; mso-cyrillic-font-family: Verdana; mso-armenian-font-family: Verdana; mso-hebrew-font-family: Verdana; mso-thai-font-family: Verdana; mso-currency-font-family: Verdana; mso-latinext-font-family: Verdana; color: black; font-style: italic; language: DE; mso-ansi-language: DE;\"> feiern wir um 9.30 Uhr Gottesdienst. Wir denken an das Leiden Jesu und an seinen gewaltsamen Tod am Kreuz. Die Kirche wird ohne Schmuck sein, die Glocken schweigen an diesem Tag.<\/span><\/p>\n<p class=\"MsoNormal\" style=\"mso-pagination: none; line-height: 110%;\">\n<p class=\"MsoNormal\" style=\"mso-pagination: none; line-height: 110%;\"><span style=\"font-size: 11.0pt; line-height: 110%; font-family: Verdana; mso-default-font-family: Verdana; mso-ascii-font-family: Verdana; mso-latin-font-family: Verdana; mso-greek-font-family: Verdana; mso-cyrillic-font-family: Verdana; mso-armenian-font-family: Verdana; mso-hebrew-font-family: Verdana; mso-thai-font-family: Verdana; mso-currency-font-family: Verdana; mso-latinext-font-family: Verdana; color: black; font-style: italic; language: DE; mso-ansi-language: DE;\">Am <\/span><span style=\"font-size: 11.0pt; line-height: 110%; font-family: Verdana; mso-default-font-family: Verdana; mso-ascii-font-family: Verdana; mso-latin-font-family: Verdana; mso-greek-font-family: Verdana; mso-cyrillic-font-family: Verdana; mso-armenian-font-family: Verdana; mso-hebrew-font-family: Verdana; mso-thai-font-family: Verdana; mso-currency-font-family: Verdana; mso-latinext-font-family: Verdana; color: black; font-style: italic; font-weight: bold; language: DE; mso-ansi-language: DE;\">Ostersonntag<\/span><span style=\"font-size: 11.0pt; line-height: 110%; font-family: Verdana; mso-default-font-family: Verdana; mso-ascii-font-family: Verdana; mso-latin-font-family: Verdana; mso-greek-font-family: Verdana; mso-cyrillic-font-family: Verdana; mso-armenian-font-family: Verdana; mso-hebrew-font-family: Verdana; mso-thai-font-family: Verdana; mso-currency-font-family: Verdana; mso-latinext-font-family: Verdana; color: black; font-style: italic; language: DE; mso-ansi-language: DE;\">, dem Tag der Auferstehung, feiern wir um 6 Uhr zum Sonnenaufgang eine Osterfr\u00fchandacht. Die neue Osterkerze wird hereingetragen, das Osterlicht verbreitet sich in der Gemeinde \u2013 mit der Nachricht vom leeren Grab und der Auferstehung Jesu.<\/span><\/p>\n<p class=\"MsoNormal\" style=\"mso-pagination: none; line-height: 110%;\"><span style=\"font-size: 11.0pt; line-height: 110%; font-family: Verdana; mso-default-font-family: Verdana; mso-ascii-font-family: Verdana; mso-latin-font-family: Verdana; mso-greek-font-family: Verdana; mso-cyrillic-font-family: Verdana; mso-armenian-font-family: Verdana; mso-hebrew-font-family: Verdana; mso-thai-font-family: Verdana; mso-currency-font-family: Verdana; mso-latinext-font-family: Verdana; color: black; font-style: italic; language: DE; mso-ansi-language: DE;\">Wir feiern das Licht des Lebens. Im Anschluss sind alle zu einem kleinen Osterfr\u00fchst\u00fcck in den Gemeindesaal eingeladen \u2013 mit Osterbrot, Kaffee und Tee &#8230; (beachten Sie den Beginn der Sommerzeit!)<\/span><\/p>\n<p class=\"MsoNormal\" style=\"mso-pagination: none; line-height: 110%;\">\n<p class=\"MsoNormal\" style=\"mso-pagination: none; line-height: 110%;\"><span style=\"font-size: 11.0pt; line-height: 110%; font-family: Verdana; mso-default-font-family: Verdana; mso-ascii-font-family: Verdana; mso-latin-font-family: Verdana; mso-greek-font-family: Verdana; mso-cyrillic-font-family: Verdana; mso-armenian-font-family: Verdana; mso-hebrew-font-family: Verdana; mso-thai-font-family: Verdana; mso-currency-font-family: Verdana; mso-latinext-font-family: Verdana; color: black; font-style: italic; language: DE; mso-ansi-language: DE;\">Der Hauptgottesdienst am <\/span><\/p>\n<p class=\"MsoNormal\" style=\"mso-pagination: none; line-height: 110%;\"><span style=\"font-size: 11.0pt; line-height: 110%; font-family: Verdana; mso-default-font-family: Verdana; mso-ascii-font-family: Verdana; mso-latin-font-family: Verdana; mso-greek-font-family: Verdana; mso-cyrillic-font-family: Verdana; mso-armenian-font-family: Verdana; mso-hebrew-font-family: Verdana; mso-thai-font-family: Verdana; mso-currency-font-family: Verdana; mso-latinext-font-family: Verdana; color: black; font-style: italic; font-weight: bold; language: DE; mso-ansi-language: DE;\">Ostersonntag <\/span><span style=\"font-size: 11.0pt; line-height: 110%; font-family: Verdana; mso-default-font-family: Verdana; mso-ascii-font-family: Verdana; mso-latin-font-family: Verdana; mso-greek-font-family: Verdana; mso-cyrillic-font-family: Verdana; mso-armenian-font-family: Verdana; mso-hebrew-font-family: Verdana; mso-thai-font-family: Verdana; mso-currency-font-family: Verdana; mso-latinext-font-family: Verdana; color: black; font-style: italic; language: DE; mso-ansi-language: DE;\">wird als Gottesdienst f\u00fcr alle Generationen ebenfalls von \u00f6sterlicher Freude gepr\u00e4gt sein. Wir feiern Taufe! Alle sind eingeladen sich anstecken zu lassen und das Leben miteinander zu feiern. Der Gottesdienst beginnt <\/span><\/p>\n<p class=\"MsoNormal\" style=\"mso-pagination: none;\"><span style=\"font-size: 11.0pt; font-family: Verdana; mso-default-font-family: Verdana; mso-ascii-font-family: Verdana; mso-latin-font-family: Verdana; mso-greek-font-family: Verdana; mso-cyrillic-font-family: Verdana; mso-armenian-font-family: Verdana; mso-hebrew-font-family: Verdana; mso-thai-font-family: Verdana; mso-currency-font-family: Verdana; mso-latinext-font-family: Verdana; color: black; font-style: italic; language: DE; mso-ansi-language: DE;\">um 9.30 Uhr.<\/span><\/p>\n<p><!-- [if pub]><xml> <b:Publication type=\"OplPub\" oty=\"68\" oh=\"256\"> <b:OhPrintBlock priv=\"30E\">280<\/b:OhPrintBlock> <b:NuDefaultUnits priv=\"1004\">1<\/b:NuDefaultUnits> <b:DptlPageDimensions type=\"OplPt\" priv=\"1211\"> <b:Xl priv=\"104\">7560000<\/b:Xl> <b:Yl priv=\"204\">10692000<\/b:Yl> <\/b:DptlPageDimensions> <b:DxlDefaultTab priv=\"1504\">359410<\/b:DxlDefaultTab> <b:OhGallery priv=\"180E\">259<\/b:OhGallery> <b:OhFancyBorders priv=\"190E\">261<\/b:OhFancyBorders> <b:OhCaptions priv=\"1A0E\">257<\/b:OhCaptions> <b:OhQuillDoc priv=\"200E\">275<\/b:OhQuillDoc> <b:OhMailMergeData priv=\"210E\">262<\/b:OhMailMergeData> <b:OhColorScheme priv=\"220E\">278<\/b:OhColorScheme> <b:DwNextUniqueOid priv=\"2304\">1<\/b:DwNextUniqueOid> <b:IdentGUID priv=\"2A07\">0M(6`0OC`HT&quot;NI9UEE`-[A@<\/b:IdentGUID> <b:DpgSpecial priv=\"2C03\">5<\/b:DpgSpecial> <b:CTimesEdited priv=\"3C04\">1<\/b:CTimesEdited> <b:NuDefaultUnitsEx priv=\"4104\">1<\/b:NuDefaultUnitsEx> <\/b:Publication> <b:PrinterInfo type=\"OplPrb\" oty=\"75\" oh=\"280\"> <b:OhColorSepBlock priv=\"30E\">281<\/b:OhColorSepBlock> <b:FInitComplete priv=\"1400\">False<\/b:FInitComplete> <b:DpiX priv=\"2203\">0<\/b:DpiX> <b:DpiY priv=\"2303\">0<\/b:DpiY> <\/b:PrinterInfo> <b:ColorSeperationInfo type=\"OplCsb\" oty=\"79\" oh=\"281\"> <b:Plates type=\"OplCsp\" priv=\"214\"> <b:OplCsp type=\"OplCsp\" priv=\"11\"> <b:EcpPlate type=\"OplEcp\" priv=\"213\"> <b:Color priv=\"104\">-1<\/b:Color> <\/b:EcpPlate> <\/b:OplCsp> <\/b:Plates> <b:DzlOverprintMost priv=\"304\">304800<\/b:DzlOverprintMost> <b:CprOverprintMin priv=\"404\">243<\/b:CprOverprintMin> <b:FKeepawayTrap priv=\"700\">True<\/b:FKeepawayTrap> <b:CprTrapMin1 priv=\"904\">128<\/b:CprTrapMin1> <b:CprTrapMin2 priv=\"A04\">77<\/b:CprTrapMin2> <b:CprKeepawayMin priv=\"B04\">255<\/b:CprKeepawayMin> <b:DzlTrap priv=\"C04\">3175<\/b:DzlTrap> <b:DzlIndTrap priv=\"D04\">3175<\/b:DzlIndTrap> <b:PctCenterline priv=\"E04\">70<\/b:PctCenterline> <b:FMarksRegistration priv=\"F00\">True<\/b:FMarksRegistration> <b:FMarksJob priv=\"1000\">True<\/b:FMarksJob> <b:FMarksDensity priv=\"1100\">True<\/b:FMarksDensity> <b:FMarksColor priv=\"1200\">True<\/b:FMarksColor> <b:FLineScreenDefault priv=\"1300\">True<\/b:FLineScreenDefault> <\/b:ColorSeperationInfo> <b:TextDocProperties type=\"OplDocq\" oty=\"91\" oh=\"275\"> <b:OhPlcqsb priv=\"20E\">277<\/b:OhPlcqsb> <b:EcpSplitMenu type=\"OplEcp\" priv=\"A13\"> <b:Color>134217728<\/b:Color> <\/b:EcpSplitMenu> <\/b:TextDocProperties> <b:StoryBlock type=\"OplPlcQsb\" oty=\"101\" oh=\"277\"> <b:IqsbMax priv=\"104\">1<\/b:IqsbMax> <b:Rgqsb type=\"OplQsb\" priv=\"214\"> <b:OplQsb type=\"OplQsb\" priv=\"11\"> <b:Qsid priv=\"104\">3<\/b:Qsid> <b:TomfCopyfitBase priv=\"80B\">-9999996.000000<\/b:TomfCopyfitBase> <b:TomfCopyfitBase2 priv=\"90B\">-9999996.000000<\/b:TomfCopyfitBase2> <\/b:OplQsb> <\/b:Rgqsb> <\/b:StoryBlock> <b:ColorScheme type=\"OplSccm\" oty=\"92\" oh=\"278\"> <b:Cecp priv=\"104\">8<\/b:Cecp> <b:Rgecp type=\"OplEcp\" priv=\"214\"> <b:OplEcp priv=\"F\">Empty<\/b:OplEcp> <b:OplEcp type=\"OplEcp\" priv=\"111\"> <b:Color>16711680<\/b:Color> <\/b:OplEcp> <b:OplEcp type=\"OplEcp\" priv=\"211\"> <b:Color>52479<\/b:Color> <\/b:OplEcp> <b:OplEcp type=\"OplEcp\" priv=\"311\"> <b:Color>26367<\/b:Color> <\/b:OplEcp> <b:OplEcp type=\"OplEcp\" priv=\"411\"> <b:Color>13421772<\/b:Color> <\/b:OplEcp> <b:OplEcp type=\"OplEcp\" priv=\"511\"> <b:Color>16737792<\/b:Color> <\/b:OplEcp> <b:OplEcp type=\"OplEcp\" priv=\"611\"> <b:Color>13382502<\/b:Color> <\/b:OplEcp> <b:OplEcp type=\"OplEcp\" priv=\"711\"> <b:Color>16777215<\/b:Color> <\/b:OplEcp> <\/b:Rgecp> <b:SzSchemeName priv=\"618\">H\u00fcttens\u00e4nger<\/b:SzSchemeName> <\/b:ColorScheme> <\/xml><![endif]--><!-- [if pub]><xml> <b:Page type=\"OplPd\" oty=\"67\" oh=\"265\"> <b:PtlvOrigin type=\"OplPt\" priv=\"511\"> <b:Xl>22858575<\/b:Xl> <b:Yl>22852950<\/b:Yl> <\/b:PtlvOrigin> <b:Oid priv=\"605\">(`@`````````<\/b:Oid> <b:OhoplWebPageProps priv=\"90E\">266<\/b:OhoplWebPageProps> <b:OhpdMaster priv=\"D0D\">263<\/b:OhpdMaster> <b:PgtType priv=\"1004\">5<\/b:PgtType> <b:PtlvOriginEx type=\"OplPt\" priv=\"1111\"> <b:Xl>110183775<\/b:Xl> <b:Yl>110178150<\/b:Yl> <\/b:PtlvOriginEx> <\/b:Page> <\/xml><![endif]--><!-- [if gte mso 9]><xml> <o:shapedefaults v:ext=\"edit\" spidmax=\"3075\" fill=\"f\" fillcolor=\"white [7]\" strokecolor=\"black [0]\"> <v:fill color=\"white [7]\" color2=\"white [7]\" on=\"f\" \/> <v:stroke color=\"black [0]\" color2=\"white [7]\"> <o:left v:ext=\"view\" color=\"black [0]\" color2=\"white [7]\" \/> <o:top v:ext=\"view\" color=\"black [0]\" color2=\"white [7]\" \/> <o:right v:ext=\"view\" color=\"black [0]\" color2=\"white [7]\" \/> <o:bottom v:ext=\"view\" color=\"black [0]\" color2=\"white [7]\" \/> <o:column v:ext=\"view\" color=\"black [0]\" color2=\"white [7]\" \/> <\/v:stroke> <v:shadow color=\"#ccc [4]\" \/> <v:textbox inset=\"2.88pt,2.88pt,2.88pt,2.88pt\" \/> <o:colormenu v:ext=\"edit\" fillcolor=\"blue [1]\" strokecolor=\"black [0]\" shadowcolor=\"#ccc [4]\" \/> <\/o:shapedefaults><o:shapelayout v:ext=\"edit\"> <o:idmap v:ext=\"edit\" data=\"1\" \/> <\/o:shapelayout><\/xml><![endif]--><\/p>\n<\/div>\n","protected":false},"excerpt":{"rendered":"<p>Die Passions- und Oster\u00fcberlieferungen der Bibel sind das Herzst\u00fcck des christlichen Glaubens. Sie f\u00fchren von Leid und Tod hin zur Auferstehung und zum Leben. Diese Geschichten bewusst und zusammenh\u00e4ngend mitzu(er)leben und mitzufeiern, dazu laden die Gottesdienste von Gr\u00fcndonnerstag bis Ostersonntag &hellip; <a href=\"https:\/\/kirche-ostenfeld.de\/wordpress\/archives\/2157\">Weiterlesen <span class=\"meta-nav\">&rarr;<\/span><\/a><\/p>\n","protected":false},"author":2,"featured_media":0,"comment_status":"closed","ping_status":"closed","sticky":false,"template":"","format":"standard","meta":{"footnotes":""},"categories":[1],"tags":[12,26,11],"class_list":["post-2157","post","type-post","status-publish","format-standard","hentry","category-allgemein","tag-angebote","tag-glauben","tag-kirche"],"_links":{"self":[{"href":"https:\/\/kirche-ostenfeld.de\/wordpress\/wp-json\/wp\/v2\/posts\/2157","targetHints":{"allow":["GET"]}}],"collection":[{"href":"https:\/\/kirche-ostenfeld.de\/wordpress\/wp-json\/wp\/v2\/posts"}],"about":[{"href":"https:\/\/kirche-ostenfeld.de\/wordpress\/wp-json\/wp\/v2\/types\/post"}],"author":[{"embeddable":true,"href":"https:\/\/kirche-ostenfeld.de\/wordpress\/wp-json\/wp\/v2\/users\/2"}],"replies":[{"embeddable":true,"href":"https:\/\/kirche-ostenfeld.de\/wordpress\/wp-json\/wp\/v2\/comments?post=2157"}],"version-history":[{"count":5,"href":"https:\/\/kirche-ostenfeld.de\/wordpress\/wp-json\/wp\/v2\/posts\/2157\/revisions"}],"predecessor-version":[{"id":2159,"href":"https:\/\/kirche-ostenfeld.de\/wordpress\/wp-json\/wp\/v2\/posts\/2157\/revisions\/2159"}],"wp:attachment":[{"href":"https:\/\/kirche-ostenfeld.de\/wordpress\/wp-json\/wp\/v2\/media?parent=2157"}],"wp:term":[{"taxonomy":"category","embeddable":true,"href":"https:\/\/kirche-ostenfeld.de\/wordpress\/wp-json\/wp\/v2\/categories?post=2157"},{"taxonomy":"post_tag","embeddable":true,"href":"https:\/\/kirche-ostenfeld.de\/wordpress\/wp-json\/wp\/v2\/tags?post=2157"}],"curies":[{"name":"wp","href":"https:\/\/api.w.org\/{rel}","templated":true}]}}