{"id":2142,"date":"2016-03-14T10:59:28","date_gmt":"2016-03-14T09:59:28","guid":{"rendered":"http:\/\/kirche-ostenfeld.de\/wordpress\/?p=2142"},"modified":"2016-03-14T11:00:54","modified_gmt":"2016-03-14T10:00:54","slug":"ich-will-dich-segnen-und-du-sollst-ein-segen-sein","status":"publish","type":"post","link":"https:\/\/kirche-ostenfeld.de\/wordpress\/archives\/2142","title":{"rendered":"Ich will dich segnen, und du sollst ein Segen sein"},"content":{"rendered":"<p><a href=\"https:\/\/kirche-ostenfeld.de\/wordpress\/wp-content\/uploads\/2016\/03\/Figuerli-farbig.jpg\"><img loading=\"lazy\" decoding=\"async\" class=\"alignleft size-medium wp-image-2145\" title=\"Figuerli farbig\" src=\"https:\/\/kirche-ostenfeld.de\/wordpress\/wp-content\/uploads\/2016\/03\/Figuerli-farbig-300x199.jpg\" alt=\"\" width=\"300\" height=\"199\" srcset=\"https:\/\/kirche-ostenfeld.de\/wordpress\/wp-content\/uploads\/2016\/03\/Figuerli-farbig-300x199.jpg 300w, https:\/\/kirche-ostenfeld.de\/wordpress\/wp-content\/uploads\/2016\/03\/Figuerli-farbig.jpg 1024w\" sizes=\"auto, (max-width: 300px) 100vw, 300px\" \/><\/a>Schnell gingen die beiden Jahre mit euch im Konfirmandenunterricht um \u2013 ich hoffe, ihr werdet sie in guter Erinnerung behalten!<br \/>\nDas Beste kommt zum Schluss: Im n\u00e4chsten Monat feiern wir eure Konfirmation! Das wird ein wichtiges und sch\u00f6nes Fest f\u00fcr euch \u2013 ich w\u00fcnsche euch, dass ihr diesen Tag gut verbringt, mit den Menschen, die euch wichtig sind und die ihr lieb habt! <!--more-->Vorher waren wir noch auf Konfi-Freizeit. Dort haben wir eure Konfirmationsspr\u00fcche ausgesucht, also f\u00fcr jeden ein Bibelwort, das zu ihm oder zu ihr passt. Und das euch im Leben begleiten soll, das Orientierung gibt, das euch hilft, manches besser zu verstehen von unserem Glauben. Vielleicht gibt es euch mal Trost oder Ermutigung. Packt es nicht zu weit weg.<\/p>\n<p>Vor allem sollt ihr aber das behalten: Zu Gott k\u00f6nnt ihr immer kommen. So wie ihr seid. \u201eSo wie ich bin komme ich zu dir.\u201c Das haben wir oft gesungen. Denn Gott sagt: Ihr seid richtig, so wie ihr seid.<br \/>\nIhr seid, klug, mutig, kreativ, neugierig, manchmal wild, manchmal brav, engagiert, vertr\u00e4umt, offen, lebendig, interessiert \u2013 so habe ich euch erlebt. Und daf\u00fcr bin ich sehr dankbar!<\/p>\n<p>Bewahrt euch das alles, das w\u00fcnsche ich euch f\u00fcr die Zukunft.<br \/>\neure Pastorin<br \/>\nAnnkatrin Kolbe<\/p>\n","protected":false},"excerpt":{"rendered":"<p>Schnell gingen die beiden Jahre mit euch im Konfirmandenunterricht um \u2013 ich hoffe, ihr werdet sie in guter Erinnerung behalten! Das Beste kommt zum Schluss: Im n\u00e4chsten Monat feiern wir eure Konfirmation! Das wird ein wichtiges und sch\u00f6nes Fest f\u00fcr &hellip; <a href=\"https:\/\/kirche-ostenfeld.de\/wordpress\/archives\/2142\">Weiterlesen <span class=\"meta-nav\">&rarr;<\/span><\/a><\/p>\n","protected":false},"author":2,"featured_media":0,"comment_status":"closed","ping_status":"closed","sticky":false,"template":"","format":"standard","meta":{"footnotes":""},"categories":[1],"tags":[26,25,11],"class_list":["post-2142","post","type-post","status-publish","format-standard","hentry","category-allgemein","tag-glauben","tag-jugend","tag-kirche"],"_links":{"self":[{"href":"https:\/\/kirche-ostenfeld.de\/wordpress\/wp-json\/wp\/v2\/posts\/2142","targetHints":{"allow":["GET"]}}],"collection":[{"href":"https:\/\/kirche-ostenfeld.de\/wordpress\/wp-json\/wp\/v2\/posts"}],"about":[{"href":"https:\/\/kirche-ostenfeld.de\/wordpress\/wp-json\/wp\/v2\/types\/post"}],"author":[{"embeddable":true,"href":"https:\/\/kirche-ostenfeld.de\/wordpress\/wp-json\/wp\/v2\/users\/2"}],"replies":[{"embeddable":true,"href":"https:\/\/kirche-ostenfeld.de\/wordpress\/wp-json\/wp\/v2\/comments?post=2142"}],"version-history":[{"count":4,"href":"https:\/\/kirche-ostenfeld.de\/wordpress\/wp-json\/wp\/v2\/posts\/2142\/revisions"}],"predecessor-version":[{"id":2148,"href":"https:\/\/kirche-ostenfeld.de\/wordpress\/wp-json\/wp\/v2\/posts\/2142\/revisions\/2148"}],"wp:attachment":[{"href":"https:\/\/kirche-ostenfeld.de\/wordpress\/wp-json\/wp\/v2\/media?parent=2142"}],"wp:term":[{"taxonomy":"category","embeddable":true,"href":"https:\/\/kirche-ostenfeld.de\/wordpress\/wp-json\/wp\/v2\/categories?post=2142"},{"taxonomy":"post_tag","embeddable":true,"href":"https:\/\/kirche-ostenfeld.de\/wordpress\/wp-json\/wp\/v2\/tags?post=2142"}],"curies":[{"name":"wp","href":"https:\/\/api.w.org\/{rel}","templated":true}]}}